{"id":8473,"date":"2023-03-19T19:50:12","date_gmt":"2023-03-19T19:50:12","guid":{"rendered":"https:\/\/www.djurskyddet.se\/kristinehamn\/?p=8473"},"modified":"2023-05-29T20:59:42","modified_gmt":"2023-05-29T20:59:42","slug":"teja","status":"publish","type":"post","link":"https:\/\/www.djurskyddet.se\/kristinehamn\/adopterade-omplacerade-djur\/teja\/","title":{"rendered":"Teja har f\u00e5tt ett nytt hem!"},"content":{"rendered":"\n<p>Teja adopterades fr\u00e5n oss n\u00e4r hon var kattunge tillsammans med <a href=\"https:\/\/www.djurskyddet.se\/kristinehamn\/katter-soker-hem\/eili\/\"><mark style=\"background-color:#ffffff\" class=\"has-inline-color has-vivid-cyan-blue-color\">Eili<\/mark><\/a>. Hon \u00e4r nu fem \u00e5r gammal.<br><br>Teja \u00e4r tillbaka hos oss p\u00e5 Djurskyddet Kristinehamn p\u00e5 grund av \u00e4ndrade familjef\u00f6rh\u00e5llanden.<br><br>Hon \u00e4r kelig men lite f\u00f6rsiktig.<br><br>Alla katter som adopteras ut fr\u00e5n oss, ungkatt till vuxen, \u00e4r kastrerade (kattungar kastreras senare), ID-m\u00e4rkta\/registrerade och vaccinerade.<\/p>\n\n\n<div class=\"wp-block-image\">\n<figure class=\"aligncenter size-full is-resized\"><img loading=\"lazy\" decoding=\"async\" src=\"https:\/\/www.djurskyddet.se\/kristinehamn\/wp-content\/uploads\/sites\/31\/2023\/05\/Teja-adopterad.jpg\" alt=\"\" class=\"wp-image-8710\" width=\"676\" height=\"507\" srcset=\"https:\/\/www.djurskyddet.se\/kristinehamn\/wp-content\/uploads\/sites\/31\/2023\/05\/Teja-adopterad.jpg 1024w, https:\/\/www.djurskyddet.se\/kristinehamn\/wp-content\/uploads\/sites\/31\/2023\/05\/Teja-adopterad-300x225.jpg 300w, https:\/\/www.djurskyddet.se\/kristinehamn\/wp-content\/uploads\/sites\/31\/2023\/05\/Teja-adopterad-768x576.jpg 768w, https:\/\/www.djurskyddet.se\/kristinehamn\/wp-content\/uploads\/sites\/31\/2023\/05\/Teja-adopterad-400x300.jpg 400w\" sizes=\"auto, (max-width: 676px) 100vw, 676px\" \/><\/figure><\/div>","protected":false},"excerpt":{"rendered":"<p>Teja adopterades fr\u00e5n oss n\u00e4r hon var kattunge tillsammans med Eili. Hon \u00e4r nu fem \u00e5r gammal. Teja \u00e4r tillbaka hos oss p\u00e5 Djurskyddet Kristinehamn p\u00e5 grund av \u00e4ndrade familjef\u00f6rh\u00e5llanden. Hon \u00e4r kelig men lite f\u00f6rsiktig. Alla katter som adopteras ut fr\u00e5n oss, ungkatt till vuxen, \u00e4r kastrerade (kattungar kastreras senare), ID-m\u00e4rkta\/registrerade och vaccinerade.<\/p>\n","protected":false},"author":42,"featured_media":8710,"comment_status":"closed","ping_status":"open","sticky":false,"template":"","format":"standard","meta":{"_acf_changed":false,"footnotes":""},"categories":[29],"tags":[],"class_list":["post-8473","post","type-post","status-publish","format-standard","has-post-thumbnail","hentry","category-adopterade-omplacerade-djur"],"acf":[],"_links":{"self":[{"href":"https:\/\/www.djurskyddet.se\/kristinehamn\/wp-json\/wp\/v2\/posts\/8473","targetHints":{"allow":["GET"]}}],"collection":[{"href":"https:\/\/www.djurskyddet.se\/kristinehamn\/wp-json\/wp\/v2\/posts"}],"about":[{"href":"https:\/\/www.djurskyddet.se\/kristinehamn\/wp-json\/wp\/v2\/types\/post"}],"author":[{"embeddable":true,"href":"https:\/\/www.djurskyddet.se\/kristinehamn\/wp-json\/wp\/v2\/users\/42"}],"replies":[{"embeddable":true,"href":"https:\/\/www.djurskyddet.se\/kristinehamn\/wp-json\/wp\/v2\/comments?post=8473"}],"version-history":[{"count":7,"href":"https:\/\/www.djurskyddet.se\/kristinehamn\/wp-json\/wp\/v2\/posts\/8473\/revisions"}],"predecessor-version":[{"id":8711,"href":"https:\/\/www.djurskyddet.se\/kristinehamn\/wp-json\/wp\/v2\/posts\/8473\/revisions\/8711"}],"wp:featuredmedia":[{"embeddable":true,"href":"https:\/\/www.djurskyddet.se\/kristinehamn\/wp-json\/wp\/v2\/media\/8710"}],"wp:attachment":[{"href":"https:\/\/www.djurskyddet.se\/kristinehamn\/wp-json\/wp\/v2\/media?parent=8473"}],"wp:term":[{"taxonomy":"category","embeddable":true,"href":"https:\/\/www.djurskyddet.se\/kristinehamn\/wp-json\/wp\/v2\/categories?post=8473"},{"taxonomy":"post_tag","embeddable":true,"href":"https:\/\/www.djurskyddet.se\/kristinehamn\/wp-json\/wp\/v2\/tags?post=8473"}],"curies":[{"name":"wp","href":"https:\/\/api.w.org\/{rel}","templated":true}]}}