{"id":8476,"date":"2023-03-19T19:57:42","date_gmt":"2023-03-19T19:57:42","guid":{"rendered":"https:\/\/www.djurskyddet.se\/kristinehamn\/?p=8476"},"modified":"2023-05-29T20:40:37","modified_gmt":"2023-05-29T20:40:37","slug":"eili","status":"publish","type":"post","link":"https:\/\/www.djurskyddet.se\/kristinehamn\/minnessida-for-vara-sma-anglar\/eili\/","title":{"rendered":"Vila i frid lilla Eili"},"content":{"rendered":"\n<p>Lilla s\u00f6ta Eili har f\u00e5tt somna in.<img loading=\"lazy\" decoding=\"async\" height=\"16\" width=\"16\" alt=\"?\" src=\"https:\/\/static.xx.fbcdn.net\/images\/emoji.php\/v9\/t68\/1\/16\/1f495.png\"><\/p>\n\n\n\n<p>P\u00e5 grund av sv\u00e5r njursvikt och sjukdom har v\u00e5r lilla tjej g\u00e5tt \u00f6ver regnb\u00e5gsbron. Vi alla p\u00e5 Djurhemmet saknar dig.<\/p>\n\n\n\n<p>Sov i ro <img loading=\"lazy\" decoding=\"async\" height=\"16\" width=\"16\" alt=\"?\" src=\"https:\/\/static.xx.fbcdn.net\/images\/emoji.php\/v9\/t68\/1\/16\/1f495.png\"><\/p>\n\n\n<div class=\"wp-block-image\">\n<figure class=\"aligncenter size-full is-resized\"><img loading=\"lazy\" decoding=\"async\" src=\"https:\/\/www.djurskyddet.se\/kristinehamn\/wp-content\/uploads\/sites\/31\/2023\/05\/Eili.jpg\" alt=\"\" class=\"wp-image-8701\" width=\"485\" height=\"433\" srcset=\"https:\/\/www.djurskyddet.se\/kristinehamn\/wp-content\/uploads\/sites\/31\/2023\/05\/Eili.jpg 960w, https:\/\/www.djurskyddet.se\/kristinehamn\/wp-content\/uploads\/sites\/31\/2023\/05\/Eili-300x268.jpg 300w, https:\/\/www.djurskyddet.se\/kristinehamn\/wp-content\/uploads\/sites\/31\/2023\/05\/Eili-768x687.jpg 768w, https:\/\/www.djurskyddet.se\/kristinehamn\/wp-content\/uploads\/sites\/31\/2023\/05\/Eili-400x358.jpg 400w\" sizes=\"auto, (max-width: 485px) 100vw, 485px\" \/><\/figure><\/div>","protected":false},"excerpt":{"rendered":"<p>Lilla s\u00f6ta Eili har f\u00e5tt somna in. P\u00e5 grund av sv\u00e5r njursvikt och sjukdom har v\u00e5r lilla tjej g\u00e5tt \u00f6ver regnb\u00e5gsbron. Vi alla p\u00e5 Djurhemmet saknar dig. Sov i ro<\/p>\n","protected":false},"author":42,"featured_media":8701,"comment_status":"closed","ping_status":"open","sticky":false,"template":"","format":"standard","meta":{"_acf_changed":false,"footnotes":""},"categories":[34],"tags":[],"class_list":["post-8476","post","type-post","status-publish","format-standard","has-post-thumbnail","hentry","category-minnessida-for-vara-sma-anglar"],"acf":[],"_links":{"self":[{"href":"https:\/\/www.djurskyddet.se\/kristinehamn\/wp-json\/wp\/v2\/posts\/8476","targetHints":{"allow":["GET"]}}],"collection":[{"href":"https:\/\/www.djurskyddet.se\/kristinehamn\/wp-json\/wp\/v2\/posts"}],"about":[{"href":"https:\/\/www.djurskyddet.se\/kristinehamn\/wp-json\/wp\/v2\/types\/post"}],"author":[{"embeddable":true,"href":"https:\/\/www.djurskyddet.se\/kristinehamn\/wp-json\/wp\/v2\/users\/42"}],"replies":[{"embeddable":true,"href":"https:\/\/www.djurskyddet.se\/kristinehamn\/wp-json\/wp\/v2\/comments?post=8476"}],"version-history":[{"count":6,"href":"https:\/\/www.djurskyddet.se\/kristinehamn\/wp-json\/wp\/v2\/posts\/8476\/revisions"}],"predecessor-version":[{"id":8971,"href":"https:\/\/www.djurskyddet.se\/kristinehamn\/wp-json\/wp\/v2\/posts\/8476\/revisions\/8971"}],"wp:featuredmedia":[{"embeddable":true,"href":"https:\/\/www.djurskyddet.se\/kristinehamn\/wp-json\/wp\/v2\/media\/8701"}],"wp:attachment":[{"href":"https:\/\/www.djurskyddet.se\/kristinehamn\/wp-json\/wp\/v2\/media?parent=8476"}],"wp:term":[{"taxonomy":"category","embeddable":true,"href":"https:\/\/www.djurskyddet.se\/kristinehamn\/wp-json\/wp\/v2\/categories?post=8476"},{"taxonomy":"post_tag","embeddable":true,"href":"https:\/\/www.djurskyddet.se\/kristinehamn\/wp-json\/wp\/v2\/tags?post=8476"}],"curies":[{"name":"wp","href":"https:\/\/api.w.org\/{rel}","templated":true}]}}