{"id":8511,"date":"2023-04-01T20:38:40","date_gmt":"2023-04-01T20:38:40","guid":{"rendered":"https:\/\/www.djurskyddet.se\/kristinehamn\/?p=8511"},"modified":"2023-04-21T21:06:40","modified_gmt":"2023-04-21T21:06:40","slug":"gullan-och-nisse","status":"publish","type":"post","link":"https:\/\/www.djurskyddet.se\/kristinehamn\/adopterade-omplacerade-djur\/gullan-och-nisse\/","title":{"rendered":"Gullan och Nisse har f\u00e5tt ett nytt hem!"},"content":{"rendered":"\n<p>Gullan och Nisse \u00e4r tv\u00e5 supertrevliga och l\u00e4tthanterliga kaniner.<br><br>De \u00e4r tv\u00e5 \u00e5r gamla. Nisse (till h\u00f6ger i bild) \u00e4r kastrerad.<br><br>Gullan och Nisse har f\u00f6rlorat sin matte och s\u00f6ker nu ett nytt k\u00e4rleksfullt hem tillsammans <img loading=\"lazy\" decoding=\"async\" height=\"16\" width=\"16\" src=\"https:\/\/static.xx.fbcdn.net\/images\/emoji.php\/v9\/t6c\/1\/16\/2764.png\" alt=\"\u2764\ufe0f\"><\/p>\n\n\n\n<figure class=\"wp-block-image size-full is-resized\"><img loading=\"lazy\" decoding=\"async\" src=\"https:\/\/www.djurskyddet.se\/kristinehamn\/wp-content\/uploads\/sites\/31\/2023\/04\/Gullan-Nisse-adopterade.jpg\" alt=\"\" class=\"wp-image-8607\" width=\"707\" height=\"422\" srcset=\"https:\/\/www.djurskyddet.se\/kristinehamn\/wp-content\/uploads\/sites\/31\/2023\/04\/Gullan-Nisse-adopterade.jpg 1024w, https:\/\/www.djurskyddet.se\/kristinehamn\/wp-content\/uploads\/sites\/31\/2023\/04\/Gullan-Nisse-adopterade-300x180.jpg 300w, https:\/\/www.djurskyddet.se\/kristinehamn\/wp-content\/uploads\/sites\/31\/2023\/04\/Gullan-Nisse-adopterade-768x460.jpg 768w, https:\/\/www.djurskyddet.se\/kristinehamn\/wp-content\/uploads\/sites\/31\/2023\/04\/Gullan-Nisse-adopterade-400x239.jpg 400w\" sizes=\"auto, (max-width: 707px) 100vw, 707px\" \/><\/figure>\n","protected":false},"excerpt":{"rendered":"<p>Gullan och Nisse \u00e4r tv\u00e5 supertrevliga och l\u00e4tthanterliga kaniner. De \u00e4r tv\u00e5 \u00e5r gamla. Nisse (till h\u00f6ger i bild) \u00e4r kastrerad. Gullan och Nisse har f\u00f6rlorat sin matte och s\u00f6ker nu ett nytt k\u00e4rleksfullt hem tillsammans<\/p>\n","protected":false},"author":42,"featured_media":8607,"comment_status":"closed","ping_status":"open","sticky":false,"template":"","format":"standard","meta":{"_acf_changed":false,"footnotes":""},"categories":[29],"tags":[],"class_list":["post-8511","post","type-post","status-publish","format-standard","has-post-thumbnail","hentry","category-adopterade-omplacerade-djur"],"acf":[],"_links":{"self":[{"href":"https:\/\/www.djurskyddet.se\/kristinehamn\/wp-json\/wp\/v2\/posts\/8511","targetHints":{"allow":["GET"]}}],"collection":[{"href":"https:\/\/www.djurskyddet.se\/kristinehamn\/wp-json\/wp\/v2\/posts"}],"about":[{"href":"https:\/\/www.djurskyddet.se\/kristinehamn\/wp-json\/wp\/v2\/types\/post"}],"author":[{"embeddable":true,"href":"https:\/\/www.djurskyddet.se\/kristinehamn\/wp-json\/wp\/v2\/users\/42"}],"replies":[{"embeddable":true,"href":"https:\/\/www.djurskyddet.se\/kristinehamn\/wp-json\/wp\/v2\/comments?post=8511"}],"version-history":[{"count":3,"href":"https:\/\/www.djurskyddet.se\/kristinehamn\/wp-json\/wp\/v2\/posts\/8511\/revisions"}],"predecessor-version":[{"id":8608,"href":"https:\/\/www.djurskyddet.se\/kristinehamn\/wp-json\/wp\/v2\/posts\/8511\/revisions\/8608"}],"wp:featuredmedia":[{"embeddable":true,"href":"https:\/\/www.djurskyddet.se\/kristinehamn\/wp-json\/wp\/v2\/media\/8607"}],"wp:attachment":[{"href":"https:\/\/www.djurskyddet.se\/kristinehamn\/wp-json\/wp\/v2\/media?parent=8511"}],"wp:term":[{"taxonomy":"category","embeddable":true,"href":"https:\/\/www.djurskyddet.se\/kristinehamn\/wp-json\/wp\/v2\/categories?post=8511"},{"taxonomy":"post_tag","embeddable":true,"href":"https:\/\/www.djurskyddet.se\/kristinehamn\/wp-json\/wp\/v2\/tags?post=8511"}],"curies":[{"name":"wp","href":"https:\/\/api.w.org\/{rel}","templated":true}]}}