{"id":8533,"date":"2023-04-05T20:07:38","date_gmt":"2023-04-05T20:07:38","guid":{"rendered":"https:\/\/www.djurskyddet.se\/kristinehamn\/?p=8533"},"modified":"2023-05-03T15:39:27","modified_gmt":"2023-05-03T15:39:27","slug":"ake","status":"publish","type":"post","link":"https:\/\/www.djurskyddet.se\/kristinehamn\/adopterade-omplacerade-djur\/ake\/","title":{"rendered":"\u00c5ke har f\u00e5tt ett nytt hem!"},"content":{"rendered":"\n<p>Hunden \u00c5ke \u00e4r f\u00f6dd i december 2021 och \u00e4r kastrerad<br><br>\u00c5ke \u00e4r av rasen Mittelspitz och har stamtavla.<br><br>Han \u00e4r f\u00f6rs\u00e4krad via Folksam.<br><br>\u00c5ke \u00e4r en livlig hund som \u00e4r v\u00e4ldigt l\u00e4ttl\u00e4rd, han gillar verkligen lydnad och att l\u00e4ra sig nya tricks. Han \u00e4r glad och sn\u00e4ll och vill g\u00e4rna vara med hela tiden. <br><br>Han spenderar dagarna p\u00e5 hunddagis och fungerar bra ihop med de andra hundarna d\u00e4r. <br><br>\u00c5ke fungerar bra med b\u00e5de barn och vuxna. Han kan vara lite hoppig och sk\u00e4llig vid nya m\u00f6ten men det l\u00e4gger sig s\u00e5 snart han f\u00e5tt h\u00e4lsa. <\/p>\n\n\n<div class=\"wp-block-image\">\n<figure class=\"aligncenter size-full is-resized\"><img loading=\"lazy\" decoding=\"async\" src=\"https:\/\/www.djurskyddet.se\/kristinehamn\/wp-content\/uploads\/sites\/31\/2023\/05\/Ake-adopterad.jpg\" alt=\"\" class=\"wp-image-8680\" width=\"361\" height=\"481\" srcset=\"https:\/\/www.djurskyddet.se\/kristinehamn\/wp-content\/uploads\/sites\/31\/2023\/05\/Ake-adopterad.jpg 768w, https:\/\/www.djurskyddet.se\/kristinehamn\/wp-content\/uploads\/sites\/31\/2023\/05\/Ake-adopterad-225x300.jpg 225w, https:\/\/www.djurskyddet.se\/kristinehamn\/wp-content\/uploads\/sites\/31\/2023\/05\/Ake-adopterad-400x533.jpg 400w\" sizes=\"auto, (max-width: 361px) 100vw, 361px\" \/><\/figure><\/div>","protected":false},"excerpt":{"rendered":"<p>Hunden \u00c5ke \u00e4r f\u00f6dd i december 2021 och \u00e4r kastrerad \u00c5ke \u00e4r av rasen Mittelspitz och har stamtavla. Han \u00e4r f\u00f6rs\u00e4krad via Folksam. \u00c5ke \u00e4r en livlig hund som \u00e4r v\u00e4ldigt l\u00e4ttl\u00e4rd, han gillar verkligen lydnad och att l\u00e4ra sig nya tricks. Han \u00e4r glad och sn\u00e4ll och vill g\u00e4rna vara med hela tiden. Han spenderar dagarna p\u00e5 hunddagis och fungerar bra ihop med de andra hundarna d\u00e4r. \u00c5ke fungerar&hellip;<\/p>\n<p><a class=\"more-link\" href=\"https:\/\/www.djurskyddet.se\/kristinehamn\/adopterade-omplacerade-djur\/ake\/\" title=\"Continue reading &lsquo;\u00c5ke har f\u00e5tt ett nytt hem!&rsquo;\">L&auml;s mer<span class=\"meta-nav\">&raquo;<\/span><\/a><\/p>\n","protected":false},"author":42,"featured_media":8680,"comment_status":"closed","ping_status":"open","sticky":false,"template":"","format":"standard","meta":{"_acf_changed":false,"footnotes":""},"categories":[29],"tags":[],"class_list":["post-8533","post","type-post","status-publish","format-standard","has-post-thumbnail","hentry","category-adopterade-omplacerade-djur"],"acf":[],"_links":{"self":[{"href":"https:\/\/www.djurskyddet.se\/kristinehamn\/wp-json\/wp\/v2\/posts\/8533","targetHints":{"allow":["GET"]}}],"collection":[{"href":"https:\/\/www.djurskyddet.se\/kristinehamn\/wp-json\/wp\/v2\/posts"}],"about":[{"href":"https:\/\/www.djurskyddet.se\/kristinehamn\/wp-json\/wp\/v2\/types\/post"}],"author":[{"embeddable":true,"href":"https:\/\/www.djurskyddet.se\/kristinehamn\/wp-json\/wp\/v2\/users\/42"}],"replies":[{"embeddable":true,"href":"https:\/\/www.djurskyddet.se\/kristinehamn\/wp-json\/wp\/v2\/comments?post=8533"}],"version-history":[{"count":8,"href":"https:\/\/www.djurskyddet.se\/kristinehamn\/wp-json\/wp\/v2\/posts\/8533\/revisions"}],"predecessor-version":[{"id":8682,"href":"https:\/\/www.djurskyddet.se\/kristinehamn\/wp-json\/wp\/v2\/posts\/8533\/revisions\/8682"}],"wp:featuredmedia":[{"embeddable":true,"href":"https:\/\/www.djurskyddet.se\/kristinehamn\/wp-json\/wp\/v2\/media\/8680"}],"wp:attachment":[{"href":"https:\/\/www.djurskyddet.se\/kristinehamn\/wp-json\/wp\/v2\/media?parent=8533"}],"wp:term":[{"taxonomy":"category","embeddable":true,"href":"https:\/\/www.djurskyddet.se\/kristinehamn\/wp-json\/wp\/v2\/categories?post=8533"},{"taxonomy":"post_tag","embeddable":true,"href":"https:\/\/www.djurskyddet.se\/kristinehamn\/wp-json\/wp\/v2\/tags?post=8533"}],"curies":[{"name":"wp","href":"https:\/\/api.w.org\/{rel}","templated":true}]}}