{"id":8611,"date":"2023-04-21T21:18:06","date_gmt":"2023-04-21T21:18:06","guid":{"rendered":"https:\/\/www.djurskyddet.se\/kristinehamn\/?p=8611"},"modified":"2023-08-17T19:55:08","modified_gmt":"2023-08-17T19:55:08","slug":"privat-omplacering-rex","status":"publish","type":"post","link":"https:\/\/www.djurskyddet.se\/kristinehamn\/adopterade-omplacerade-djur\/privat-omplacering-rex\/","title":{"rendered":"Rex har f\u00e5tt ett nytt hem!"},"content":{"rendered":"\n<p>H\u00e4r kommer information fr\u00e5n Rex nuvarande \u00e4gare:<br><\/p>\n\n\n\n<p>Efter m\u00e5nga m\u00e5naders \u00f6verv\u00e4gande och sorg i hj\u00e4rtat har vi nu kommit fram till att Rex beh\u00f6ver hitta ett nytt hem.<\/p>\n\n\n\n<p>D\u00e5 v\u00e5r familjesituation \u00e4ndras och g\u00f6r det om\u00f6jligt att ge Rex den tid, aktivering och simulation han beh\u00f6ver s\u00f6ker vi efter ett nytt k\u00e4rleksfullt hem till honom!<\/p>\n\n\n\n<p>Rex \u00e4r v\u00e4ldigt os\u00e4ker i hemmet och os\u00e4kerheten har eskalerat n\u00e5got enormt sen vi kom med med v\u00e5ran bebis. Situationen har eskalerat s\u00e5pass att vi nu k\u00e4nner att Rex beh\u00f6ver hitta ett <a><\/a>nytt hem snarast d\u00e5 han tydligt visar att han inte trivs hos oss och v\u00e5r situation.<\/p>\n\n\n\n<p>Rex \u00e4r vaktig och sk\u00e4ller p\u00e5 ljud utanf\u00f6r l\u00e4genheten och vill d\u00e4rf\u00f6r bo i hus utan massa ljud och spring i portar och d\u00f6rrar.<\/p>\n\n\n\n<p>Rex \u00e4r en kastrerad blandrashane p\u00e5 6 \u00e5r, vi tror han har amstaff\/sch\u00e4fer i sig men han \u00e4r inte dna testad. Han kommer ursprungligen fr\u00e5n Kroatien och han har kroatiskt pass.<\/p>\n\n\n\n<p>\u00c4r vaccinerad enligt ordning och f\u00f6rs\u00e4krad i Agria.<\/p>\n\n\n\n<p>Rex s\u00f6ker dig\/er som bor p\u00e5 landet eller i hus med tr\u00e4dg\u00e5rd, i ett lungt hem d\u00e4r han \u00e4r prio ett och f\u00e5r den aktivering och tid han f\u00f6rtj\u00e4nar.<\/p>\n\n\n\n<p>Vi s\u00f6ker dig som har erfarenhet av denna typ av hundraser.<\/p>\n\n\n\n<p>Rex \u00e4lskar att vara ute i skogen, han kan vara l\u00f6s och lyssnar v\u00e4ldigt bra p\u00e5 inkallning, vi har Rex l\u00f6s i situationer d\u00e4r vi \u00e4r s\u00e4kra p\u00e5 att vi inte m\u00f6ter andra hundar.<\/p>\n\n\n\n<p>Rex har sv\u00e5rt f\u00f6r hundm\u00f6ten och han s\u00f6ker \u00e4ven ett hem d\u00e4r han inte beh\u00f6ver vara ensam d\u00e5 han har separations\u00e5ngest.<\/p>\n\n\n\n<p>Rex har hundv\u00e4nner och kan skaffa nya med r\u00e4tt introduktion, jag tror han skulle m\u00e5 bra av en kompis att busa med men vill nog bo ensam med sin nya matte\/husse s\u00e5 han f\u00e5r all uppm\u00e4rksamhet.<\/p>\n\n\n\n<p>Tikar har varit l\u00e4ttare f\u00f6r honom att umg\u00e5s med \u00e4n hanar.<\/p>\n\n\n\n<p>Han \u00e4r van katter och bor tillsammans med en idag, han \u00e4r \u00e4ven van h\u00e4star, kor och andra djur.<\/p>\n\n\n\n<p>Rex \u00e4lskar att \u00e5ka bil och har inget emot att vara ensam i den om det beh\u00f6vs, han vill f\u00f6lja med p\u00e5 allt som du\/ni hittar p\u00e5!<\/p>\n\n\n<div class=\"wp-block-image\">\n<figure class=\"aligncenter size-full is-resized\"><img loading=\"lazy\" decoding=\"async\" src=\"https:\/\/www.djurskyddet.se\/kristinehamn\/wp-content\/uploads\/sites\/31\/2023\/08\/Rex-adopterad.jpg\" alt=\"\" class=\"wp-image-8930\" width=\"501\" height=\"501\" srcset=\"https:\/\/www.djurskyddet.se\/kristinehamn\/wp-content\/uploads\/sites\/31\/2023\/08\/Rex-adopterad.jpg 1024w, https:\/\/www.djurskyddet.se\/kristinehamn\/wp-content\/uploads\/sites\/31\/2023\/08\/Rex-adopterad-300x300.jpg 300w, https:\/\/www.djurskyddet.se\/kristinehamn\/wp-content\/uploads\/sites\/31\/2023\/08\/Rex-adopterad-150x150.jpg 150w, https:\/\/www.djurskyddet.se\/kristinehamn\/wp-content\/uploads\/sites\/31\/2023\/08\/Rex-adopterad-768x768.jpg 768w, https:\/\/www.djurskyddet.se\/kristinehamn\/wp-content\/uploads\/sites\/31\/2023\/08\/Rex-adopterad-400x400.jpg 400w\" sizes=\"auto, (max-width: 501px) 100vw, 501px\" \/><\/figure><\/div>","protected":false},"excerpt":{"rendered":"<p>H\u00e4r kommer information fr\u00e5n Rex nuvarande \u00e4gare: Efter m\u00e5nga m\u00e5naders \u00f6verv\u00e4gande och sorg i hj\u00e4rtat har vi nu kommit fram till att Rex beh\u00f6ver hitta ett nytt hem. D\u00e5 v\u00e5r familjesituation \u00e4ndras och g\u00f6r det om\u00f6jligt att ge Rex den tid, aktivering och simulation han beh\u00f6ver s\u00f6ker vi efter ett nytt k\u00e4rleksfullt hem till honom! Rex \u00e4r v\u00e4ldigt os\u00e4ker i hemmet och os\u00e4kerheten har eskalerat n\u00e5got enormt sen vi kom&hellip;<\/p>\n<p><a class=\"more-link\" href=\"https:\/\/www.djurskyddet.se\/kristinehamn\/adopterade-omplacerade-djur\/privat-omplacering-rex\/\" title=\"Continue reading &lsquo;Rex har f\u00e5tt ett nytt hem!&rsquo;\">L&auml;s mer<span class=\"meta-nav\">&raquo;<\/span><\/a><\/p>\n","protected":false},"author":42,"featured_media":8930,"comment_status":"closed","ping_status":"open","sticky":false,"template":"","format":"standard","meta":{"_acf_changed":false,"footnotes":""},"categories":[29],"tags":[],"class_list":["post-8611","post","type-post","status-publish","format-standard","has-post-thumbnail","hentry","category-adopterade-omplacerade-djur"],"acf":[],"_links":{"self":[{"href":"https:\/\/www.djurskyddet.se\/kristinehamn\/wp-json\/wp\/v2\/posts\/8611","targetHints":{"allow":["GET"]}}],"collection":[{"href":"https:\/\/www.djurskyddet.se\/kristinehamn\/wp-json\/wp\/v2\/posts"}],"about":[{"href":"https:\/\/www.djurskyddet.se\/kristinehamn\/wp-json\/wp\/v2\/types\/post"}],"author":[{"embeddable":true,"href":"https:\/\/www.djurskyddet.se\/kristinehamn\/wp-json\/wp\/v2\/users\/42"}],"replies":[{"embeddable":true,"href":"https:\/\/www.djurskyddet.se\/kristinehamn\/wp-json\/wp\/v2\/comments?post=8611"}],"version-history":[{"count":3,"href":"https:\/\/www.djurskyddet.se\/kristinehamn\/wp-json\/wp\/v2\/posts\/8611\/revisions"}],"predecessor-version":[{"id":8932,"href":"https:\/\/www.djurskyddet.se\/kristinehamn\/wp-json\/wp\/v2\/posts\/8611\/revisions\/8932"}],"wp:featuredmedia":[{"embeddable":true,"href":"https:\/\/www.djurskyddet.se\/kristinehamn\/wp-json\/wp\/v2\/media\/8930"}],"wp:attachment":[{"href":"https:\/\/www.djurskyddet.se\/kristinehamn\/wp-json\/wp\/v2\/media?parent=8611"}],"wp:term":[{"taxonomy":"category","embeddable":true,"href":"https:\/\/www.djurskyddet.se\/kristinehamn\/wp-json\/wp\/v2\/categories?post=8611"},{"taxonomy":"post_tag","embeddable":true,"href":"https:\/\/www.djurskyddet.se\/kristinehamn\/wp-json\/wp\/v2\/tags?post=8611"}],"curies":[{"name":"wp","href":"https:\/\/api.w.org\/{rel}","templated":true}]}}