{"id":8618,"date":"2023-04-22T21:37:24","date_gmt":"2023-04-22T21:37:24","guid":{"rendered":"https:\/\/www.djurskyddet.se\/kristinehamn\/?p=8618"},"modified":"2023-05-29T20:46:11","modified_gmt":"2023-05-29T20:46:11","slug":"evert","status":"publish","type":"post","link":"https:\/\/www.djurskyddet.se\/kristinehamn\/adopterade-omplacerade-djur\/evert\/","title":{"rendered":"Evert har f\u00e5tt ett nytt hem!"},"content":{"rendered":"\n<p>Evert \u00e4r en kille p\u00e5 3 \u00e5r. <br><br>N\u00e4r han kom till Djurhemmet hade han fullt med tovor och har f\u00e5tt en v\u00e4lbeh\u00f6vlig rakning.<br><br>Han var lite f\u00f6rsiktig i b\u00f6rjan men har nu funnit sig tillr\u00e4tta och \u00e4r en mysig och trevlig kille.<br><br>Evert ska helst bo p\u00e5 landet d\u00e4r han har tillg\u00e5ng till utevistelse n\u00e4r han bott in sig och k\u00e4nner sig trygg i sin nya milj\u00f6 s\u00e5v\u00e4l inne som ute.<br><br>Alla katter som adopteras ut fr\u00e5n oss, ungkatt till vuxen, \u00e4r kastrerade (kattungar kastreras senare), ID-m\u00e4rkta\/registrerade och vaccinerade.<\/p>\n\n\n<div class=\"wp-block-image\">\n<figure class=\"aligncenter size-full is-resized\"><img loading=\"lazy\" decoding=\"async\" src=\"https:\/\/www.djurskyddet.se\/kristinehamn\/wp-content\/uploads\/sites\/31\/2023\/05\/Evert-adopterad.jpg\" alt=\"\" class=\"wp-image-8705\" width=\"619\" height=\"464\" srcset=\"https:\/\/www.djurskyddet.se\/kristinehamn\/wp-content\/uploads\/sites\/31\/2023\/05\/Evert-adopterad.jpg 1024w, https:\/\/www.djurskyddet.se\/kristinehamn\/wp-content\/uploads\/sites\/31\/2023\/05\/Evert-adopterad-300x225.jpg 300w, https:\/\/www.djurskyddet.se\/kristinehamn\/wp-content\/uploads\/sites\/31\/2023\/05\/Evert-adopterad-768x576.jpg 768w, https:\/\/www.djurskyddet.se\/kristinehamn\/wp-content\/uploads\/sites\/31\/2023\/05\/Evert-adopterad-400x300.jpg 400w\" sizes=\"auto, (max-width: 619px) 100vw, 619px\" \/><\/figure><\/div>","protected":false},"excerpt":{"rendered":"<p>Evert \u00e4r en kille p\u00e5 3 \u00e5r. N\u00e4r han kom till Djurhemmet hade han fullt med tovor och har f\u00e5tt en v\u00e4lbeh\u00f6vlig rakning. Han var lite f\u00f6rsiktig i b\u00f6rjan men har nu funnit sig tillr\u00e4tta och \u00e4r en mysig och trevlig kille. Evert ska helst bo p\u00e5 landet d\u00e4r han har tillg\u00e5ng till utevistelse n\u00e4r han bott in sig och k\u00e4nner sig trygg i sin nya milj\u00f6 s\u00e5v\u00e4l inne som&hellip;<\/p>\n<p><a class=\"more-link\" href=\"https:\/\/www.djurskyddet.se\/kristinehamn\/adopterade-omplacerade-djur\/evert\/\" title=\"Continue reading &lsquo;Evert har f\u00e5tt ett nytt hem!&rsquo;\">L&auml;s mer<span class=\"meta-nav\">&raquo;<\/span><\/a><\/p>\n","protected":false},"author":42,"featured_media":8705,"comment_status":"closed","ping_status":"open","sticky":false,"template":"","format":"standard","meta":{"_acf_changed":false,"footnotes":""},"categories":[29],"tags":[],"class_list":["post-8618","post","type-post","status-publish","format-standard","has-post-thumbnail","hentry","category-adopterade-omplacerade-djur"],"acf":[],"_links":{"self":[{"href":"https:\/\/www.djurskyddet.se\/kristinehamn\/wp-json\/wp\/v2\/posts\/8618","targetHints":{"allow":["GET"]}}],"collection":[{"href":"https:\/\/www.djurskyddet.se\/kristinehamn\/wp-json\/wp\/v2\/posts"}],"about":[{"href":"https:\/\/www.djurskyddet.se\/kristinehamn\/wp-json\/wp\/v2\/types\/post"}],"author":[{"embeddable":true,"href":"https:\/\/www.djurskyddet.se\/kristinehamn\/wp-json\/wp\/v2\/users\/42"}],"replies":[{"embeddable":true,"href":"https:\/\/www.djurskyddet.se\/kristinehamn\/wp-json\/wp\/v2\/comments?post=8618"}],"version-history":[{"count":3,"href":"https:\/\/www.djurskyddet.se\/kristinehamn\/wp-json\/wp\/v2\/posts\/8618\/revisions"}],"predecessor-version":[{"id":8707,"href":"https:\/\/www.djurskyddet.se\/kristinehamn\/wp-json\/wp\/v2\/posts\/8618\/revisions\/8707"}],"wp:featuredmedia":[{"embeddable":true,"href":"https:\/\/www.djurskyddet.se\/kristinehamn\/wp-json\/wp\/v2\/media\/8705"}],"wp:attachment":[{"href":"https:\/\/www.djurskyddet.se\/kristinehamn\/wp-json\/wp\/v2\/media?parent=8618"}],"wp:term":[{"taxonomy":"category","embeddable":true,"href":"https:\/\/www.djurskyddet.se\/kristinehamn\/wp-json\/wp\/v2\/categories?post=8618"},{"taxonomy":"post_tag","embeddable":true,"href":"https:\/\/www.djurskyddet.se\/kristinehamn\/wp-json\/wp\/v2\/tags?post=8618"}],"curies":[{"name":"wp","href":"https:\/\/api.w.org\/{rel}","templated":true}]}}