{"id":8622,"date":"2023-04-22T21:40:35","date_gmt":"2023-04-22T21:40:35","guid":{"rendered":"https:\/\/www.djurskyddet.se\/kristinehamn\/?p=8622"},"modified":"2023-05-21T20:30:42","modified_gmt":"2023-05-21T20:30:42","slug":"marcello","status":"publish","type":"post","link":"https:\/\/www.djurskyddet.se\/kristinehamn\/adopterade-omplacerade-djur\/marcello\/","title":{"rendered":"Marcello har f\u00e5tt ett nytt hem!"},"content":{"rendered":"\n<p>Marcello \u00e4r ca 4-5 \u00e5r gammal och kommer som omplacering d\u00e5 hans husse inte kunde ha honom kvar.<br><br>Han \u00e4r en supers\u00f6t och aktiv kille som gillar lek och bus.<br><br>Marcello \u00e4r nyfiken och vill g\u00e4rna f\u00f6lja med oss m\u00e4nniskor.<\/p>\n\n\n\n<p>Han beh\u00f6ver komma till ett hem som har mycket tid f\u00f6r honom och d\u00e4r han f\u00e5r tillg\u00e5ng till utevistelse.<\/p>\n\n\n\n<p>Alla katter som adopteras ut fr\u00e5n oss, ungkatt till vuxen, \u00e4r kastrerade (kattungar kastreras senare), ID-m\u00e4rkta\/registrerade och vaccinerade.<\/p>\n\n\n<div class=\"wp-block-image\">\n<figure class=\"aligncenter size-full is-resized\"><img loading=\"lazy\" decoding=\"async\" src=\"https:\/\/www.djurskyddet.se\/kristinehamn\/wp-content\/uploads\/sites\/31\/2023\/05\/Marcello-adopterad.jpg\" alt=\"\" class=\"wp-image-8693\" width=\"563\" height=\"422\" srcset=\"https:\/\/www.djurskyddet.se\/kristinehamn\/wp-content\/uploads\/sites\/31\/2023\/05\/Marcello-adopterad.jpg 1024w, https:\/\/www.djurskyddet.se\/kristinehamn\/wp-content\/uploads\/sites\/31\/2023\/05\/Marcello-adopterad-300x225.jpg 300w, https:\/\/www.djurskyddet.se\/kristinehamn\/wp-content\/uploads\/sites\/31\/2023\/05\/Marcello-adopterad-768x576.jpg 768w, https:\/\/www.djurskyddet.se\/kristinehamn\/wp-content\/uploads\/sites\/31\/2023\/05\/Marcello-adopterad-400x300.jpg 400w\" sizes=\"auto, (max-width: 563px) 100vw, 563px\" \/><\/figure><\/div>","protected":false},"excerpt":{"rendered":"<p>Marcello \u00e4r ca 4-5 \u00e5r gammal och kommer som omplacering d\u00e5 hans husse inte kunde ha honom kvar. Han \u00e4r en supers\u00f6t och aktiv kille som gillar lek och bus. Marcello \u00e4r nyfiken och vill g\u00e4rna f\u00f6lja med oss m\u00e4nniskor. Han beh\u00f6ver komma till ett hem som har mycket tid f\u00f6r honom och d\u00e4r han f\u00e5r tillg\u00e5ng till utevistelse. Alla katter som adopteras ut fr\u00e5n oss, ungkatt till vuxen, \u00e4r&hellip;<\/p>\n<p><a class=\"more-link\" href=\"https:\/\/www.djurskyddet.se\/kristinehamn\/adopterade-omplacerade-djur\/marcello\/\" title=\"Continue reading &lsquo;Marcello har f\u00e5tt ett nytt hem!&rsquo;\">L&auml;s mer<span class=\"meta-nav\">&raquo;<\/span><\/a><\/p>\n","protected":false},"author":42,"featured_media":8693,"comment_status":"closed","ping_status":"open","sticky":false,"template":"","format":"standard","meta":{"_acf_changed":false,"footnotes":""},"categories":[29],"tags":[],"class_list":["post-8622","post","type-post","status-publish","format-standard","has-post-thumbnail","hentry","category-adopterade-omplacerade-djur"],"acf":[],"_links":{"self":[{"href":"https:\/\/www.djurskyddet.se\/kristinehamn\/wp-json\/wp\/v2\/posts\/8622","targetHints":{"allow":["GET"]}}],"collection":[{"href":"https:\/\/www.djurskyddet.se\/kristinehamn\/wp-json\/wp\/v2\/posts"}],"about":[{"href":"https:\/\/www.djurskyddet.se\/kristinehamn\/wp-json\/wp\/v2\/types\/post"}],"author":[{"embeddable":true,"href":"https:\/\/www.djurskyddet.se\/kristinehamn\/wp-json\/wp\/v2\/users\/42"}],"replies":[{"embeddable":true,"href":"https:\/\/www.djurskyddet.se\/kristinehamn\/wp-json\/wp\/v2\/comments?post=8622"}],"version-history":[{"count":3,"href":"https:\/\/www.djurskyddet.se\/kristinehamn\/wp-json\/wp\/v2\/posts\/8622\/revisions"}],"predecessor-version":[{"id":8694,"href":"https:\/\/www.djurskyddet.se\/kristinehamn\/wp-json\/wp\/v2\/posts\/8622\/revisions\/8694"}],"wp:featuredmedia":[{"embeddable":true,"href":"https:\/\/www.djurskyddet.se\/kristinehamn\/wp-json\/wp\/v2\/media\/8693"}],"wp:attachment":[{"href":"https:\/\/www.djurskyddet.se\/kristinehamn\/wp-json\/wp\/v2\/media?parent=8622"}],"wp:term":[{"taxonomy":"category","embeddable":true,"href":"https:\/\/www.djurskyddet.se\/kristinehamn\/wp-json\/wp\/v2\/categories?post=8622"},{"taxonomy":"post_tag","embeddable":true,"href":"https:\/\/www.djurskyddet.se\/kristinehamn\/wp-json\/wp\/v2\/tags?post=8622"}],"curies":[{"name":"wp","href":"https:\/\/api.w.org\/{rel}","templated":true}]}}