{"id":8662,"date":"2023-04-25T21:15:50","date_gmt":"2023-04-25T21:15:50","guid":{"rendered":"https:\/\/www.djurskyddet.se\/kristinehamn\/?p=8662"},"modified":"2023-08-17T19:49:36","modified_gmt":"2023-08-17T19:49:36","slug":"lyx","status":"publish","type":"post","link":"https:\/\/www.djurskyddet.se\/kristinehamn\/adopterade-omplacerade-djur\/lyx\/","title":{"rendered":"Lyx har f\u00e5tt ett nytt hem!"},"content":{"rendered":"\n<p>Lyx kom till djurhemmet tillsammans med m\u00e5nga kompisar. De kommer fr\u00e5n ett hem som hade alldeles f\u00f6r m\u00e5nga katter.<\/p>\n\n\n\n<p>De \u00e4r en brokig skara, b\u00e5de honor och hanar i ok\u00e4nd \u00e5lder.<\/p>\n\n\n\n<p>N\u00e5gra av katterna \u00e4r l\u00e5ngh\u00e5riga och beh\u00f6ver daglig p\u00e4lsv\u00e5rd.<\/p>\n\n\n\n<p>De \u00e4r trevliga, sociala och tycker om att bli klappade. Dessa katter \u00e4r lite reserverade i b\u00f6rjan vid nya m\u00f6ten men \u00e4r sedan sociala och gosiga<\/p>\n\n\n\n<p>Alla katter som adopteras ut fr\u00e5n oss, ungkatt till vuxen, \u00e4r kastrerade (kattungar kastreras senare), ID-m\u00e4rkta\/registrerade och vaccinerade.<\/p>\n\n\n<div class=\"wp-block-image\">\n<figure class=\"aligncenter size-full is-resized\"><img loading=\"lazy\" decoding=\"async\" src=\"https:\/\/www.djurskyddet.se\/kristinehamn\/wp-content\/uploads\/sites\/31\/2023\/08\/Lyx-adopterad.jpg\" alt=\"\" class=\"wp-image-8928\" width=\"546\" height=\"518\" srcset=\"https:\/\/www.djurskyddet.se\/kristinehamn\/wp-content\/uploads\/sites\/31\/2023\/08\/Lyx-adopterad.jpg 1024w, https:\/\/www.djurskyddet.se\/kristinehamn\/wp-content\/uploads\/sites\/31\/2023\/08\/Lyx-adopterad-300x285.jpg 300w, https:\/\/www.djurskyddet.se\/kristinehamn\/wp-content\/uploads\/sites\/31\/2023\/08\/Lyx-adopterad-400x380.jpg 400w\" sizes=\"auto, (max-width: 546px) 100vw, 546px\" \/><\/figure><\/div>","protected":false},"excerpt":{"rendered":"<p>Lyx kom till djurhemmet tillsammans med m\u00e5nga kompisar. De kommer fr\u00e5n ett hem som hade alldeles f\u00f6r m\u00e5nga katter. De \u00e4r en brokig skara, b\u00e5de honor och hanar i ok\u00e4nd \u00e5lder. N\u00e5gra av katterna \u00e4r l\u00e5ngh\u00e5riga och beh\u00f6ver daglig p\u00e4lsv\u00e5rd. De \u00e4r trevliga, sociala och tycker om att bli klappade. Dessa katter \u00e4r lite reserverade i b\u00f6rjan vid nya m\u00f6ten men \u00e4r sedan sociala och gosiga Alla katter som adopteras&hellip;<\/p>\n<p><a class=\"more-link\" href=\"https:\/\/www.djurskyddet.se\/kristinehamn\/adopterade-omplacerade-djur\/lyx\/\" title=\"Continue reading &lsquo;Lyx har f\u00e5tt ett nytt hem!&rsquo;\">L&auml;s mer<span class=\"meta-nav\">&raquo;<\/span><\/a><\/p>\n","protected":false},"author":42,"featured_media":8928,"comment_status":"closed","ping_status":"open","sticky":false,"template":"","format":"standard","meta":{"_acf_changed":false,"footnotes":""},"categories":[29],"tags":[],"class_list":["post-8662","post","type-post","status-publish","format-standard","has-post-thumbnail","hentry","category-adopterade-omplacerade-djur"],"acf":[],"_links":{"self":[{"href":"https:\/\/www.djurskyddet.se\/kristinehamn\/wp-json\/wp\/v2\/posts\/8662","targetHints":{"allow":["GET"]}}],"collection":[{"href":"https:\/\/www.djurskyddet.se\/kristinehamn\/wp-json\/wp\/v2\/posts"}],"about":[{"href":"https:\/\/www.djurskyddet.se\/kristinehamn\/wp-json\/wp\/v2\/types\/post"}],"author":[{"embeddable":true,"href":"https:\/\/www.djurskyddet.se\/kristinehamn\/wp-json\/wp\/v2\/users\/42"}],"replies":[{"embeddable":true,"href":"https:\/\/www.djurskyddet.se\/kristinehamn\/wp-json\/wp\/v2\/comments?post=8662"}],"version-history":[{"count":4,"href":"https:\/\/www.djurskyddet.se\/kristinehamn\/wp-json\/wp\/v2\/posts\/8662\/revisions"}],"predecessor-version":[{"id":8929,"href":"https:\/\/www.djurskyddet.se\/kristinehamn\/wp-json\/wp\/v2\/posts\/8662\/revisions\/8929"}],"wp:featuredmedia":[{"embeddable":true,"href":"https:\/\/www.djurskyddet.se\/kristinehamn\/wp-json\/wp\/v2\/media\/8928"}],"wp:attachment":[{"href":"https:\/\/www.djurskyddet.se\/kristinehamn\/wp-json\/wp\/v2\/media?parent=8662"}],"wp:term":[{"taxonomy":"category","embeddable":true,"href":"https:\/\/www.djurskyddet.se\/kristinehamn\/wp-json\/wp\/v2\/categories?post=8662"},{"taxonomy":"post_tag","embeddable":true,"href":"https:\/\/www.djurskyddet.se\/kristinehamn\/wp-json\/wp\/v2\/tags?post=8662"}],"curies":[{"name":"wp","href":"https:\/\/api.w.org\/{rel}","templated":true}]}}