{"id":8712,"date":"2023-05-29T21:05:26","date_gmt":"2023-05-29T21:05:26","guid":{"rendered":"https:\/\/www.djurskyddet.se\/kristinehamn\/?p=8712"},"modified":"2023-10-12T19:45:03","modified_gmt":"2023-10-12T19:45:03","slug":"privat-omplacering-sylvester","status":"publish","type":"post","link":"https:\/\/www.djurskyddet.se\/kristinehamn\/adopterade-omplacerade-djur\/privat-omplacering-sylvester\/","title":{"rendered":"Sylvester har f\u00e5tt ett nytt hem!"},"content":{"rendered":"\n<h2 class=\"wp-block-heading\">Privat omplacering<\/h2>\n\n\n\n<p>Sylvester \u00e4r en cirka 10 \u00e5r gammal katt som levt ett tufft liv som heml\u00f6s tills han en dag d\u00f6k upp i min tr\u00e4dg\u00e5rd. Trots efters\u00f6kningar fann vi ingen \u00e4gare och d\u00e5 han dessutom saknade chip misst\u00e4nkte vi att n\u00e5gon \u00e4gare inte heller funnits, vilket bekr\u00e4ftades av grannar som menade att han dragit runt i omr\u00e5det under flera \u00e5r. H\u00f6sten och kylan kom och Sylvester fick flytta in hos oss och efter en tid av socialisering har han blivit unders\u00f6kt av veterin\u00e4r som fastst\u00e4llt en ungef\u00e4rlig \u00e5lder, behandlat f\u00f6r \u00f6ronskabb och d\u00e4r han ocks\u00e5 blivit kastrerad, vaccinerad och chippad. Nu \u00e4r Sylvester redo att hitta sitt alldeles egna hem d\u00e4r han f\u00e5r stanna resten av sitt liv.<\/p>\n\n\n\n<p>Sylvester \u00e4r mycket social och vill flytta till n\u00e5gon som \u00e4r hemma ganska mycket och d\u00e4r han f\u00e5r vara med och gosa s\u00e5v\u00e4l i soffan som i s\u00e4ngen p\u00e5 natten. Han har tr\u00e4ffat barn men \u00e4r inte s\u00e4rskilt f\u00e4st vid dem och vill d\u00e4rf\u00f6r bo n\u00e5gonstans d\u00e4r barn inte finns och d\u00e4r han f\u00e5r ha det lugnt och stillsamt. Sylvester \u00e4lskar att leka med oss m\u00e4nniskor men vi vet inte vad han skulle tycka om en kattkompis. Slutligen, eftersom Sylvester \u00e4lskar att uppt\u00e4cka nya saker och g\u00e4rna hoppar in i alla sk\u00e5p d\u00e4r man gl\u00f6mt st\u00e4nga luckan eller i v\u00e4skor man plockat fram tror vi att han vill ha m\u00f6jligheten att g\u00e5 ut i ett s\u00e4kert omr\u00e5de \u00f6ver tid, n\u00e4r han bekantat sig med sitt nya hem.<\/p>\n\n\n<div class=\"wp-block-image\">\n<figure class=\"aligncenter size-full is-resized\"><img loading=\"lazy\" decoding=\"async\" src=\"https:\/\/www.djurskyddet.se\/kristinehamn\/wp-content\/uploads\/sites\/31\/2023\/10\/Sylvester-adopterad.jpg\" alt=\"\" class=\"wp-image-9023\" style=\"width:444px;height:592px\" width=\"444\" height=\"592\" srcset=\"https:\/\/www.djurskyddet.se\/kristinehamn\/wp-content\/uploads\/sites\/31\/2023\/10\/Sylvester-adopterad.jpg 768w, https:\/\/www.djurskyddet.se\/kristinehamn\/wp-content\/uploads\/sites\/31\/2023\/10\/Sylvester-adopterad-225x300.jpg 225w, https:\/\/www.djurskyddet.se\/kristinehamn\/wp-content\/uploads\/sites\/31\/2023\/10\/Sylvester-adopterad-400x533.jpg 400w\" sizes=\"auto, (max-width: 444px) 100vw, 444px\" \/><\/figure><\/div>","protected":false},"excerpt":{"rendered":"<p>Privat omplacering Sylvester \u00e4r en cirka 10 \u00e5r gammal katt som levt ett tufft liv som heml\u00f6s tills han en dag d\u00f6k upp i min tr\u00e4dg\u00e5rd. Trots efters\u00f6kningar fann vi ingen \u00e4gare och d\u00e5 han dessutom saknade chip misst\u00e4nkte vi att n\u00e5gon \u00e4gare inte heller funnits, vilket bekr\u00e4ftades av grannar som menade att han dragit runt i omr\u00e5det under flera \u00e5r. H\u00f6sten och kylan kom och Sylvester fick flytta in&hellip;<\/p>\n<p><a class=\"more-link\" href=\"https:\/\/www.djurskyddet.se\/kristinehamn\/adopterade-omplacerade-djur\/privat-omplacering-sylvester\/\" title=\"Continue reading &lsquo;Sylvester har f\u00e5tt ett nytt hem!&rsquo;\">L&auml;s mer<span class=\"meta-nav\">&raquo;<\/span><\/a><\/p>\n","protected":false},"author":42,"featured_media":9023,"comment_status":"closed","ping_status":"open","sticky":false,"template":"","format":"standard","meta":{"_acf_changed":false,"footnotes":""},"categories":[29],"tags":[],"class_list":["post-8712","post","type-post","status-publish","format-standard","has-post-thumbnail","hentry","category-adopterade-omplacerade-djur"],"acf":[],"_links":{"self":[{"href":"https:\/\/www.djurskyddet.se\/kristinehamn\/wp-json\/wp\/v2\/posts\/8712","targetHints":{"allow":["GET"]}}],"collection":[{"href":"https:\/\/www.djurskyddet.se\/kristinehamn\/wp-json\/wp\/v2\/posts"}],"about":[{"href":"https:\/\/www.djurskyddet.se\/kristinehamn\/wp-json\/wp\/v2\/types\/post"}],"author":[{"embeddable":true,"href":"https:\/\/www.djurskyddet.se\/kristinehamn\/wp-json\/wp\/v2\/users\/42"}],"replies":[{"embeddable":true,"href":"https:\/\/www.djurskyddet.se\/kristinehamn\/wp-json\/wp\/v2\/comments?post=8712"}],"version-history":[{"count":5,"href":"https:\/\/www.djurskyddet.se\/kristinehamn\/wp-json\/wp\/v2\/posts\/8712\/revisions"}],"predecessor-version":[{"id":9025,"href":"https:\/\/www.djurskyddet.se\/kristinehamn\/wp-json\/wp\/v2\/posts\/8712\/revisions\/9025"}],"wp:featuredmedia":[{"embeddable":true,"href":"https:\/\/www.djurskyddet.se\/kristinehamn\/wp-json\/wp\/v2\/media\/9023"}],"wp:attachment":[{"href":"https:\/\/www.djurskyddet.se\/kristinehamn\/wp-json\/wp\/v2\/media?parent=8712"}],"wp:term":[{"taxonomy":"category","embeddable":true,"href":"https:\/\/www.djurskyddet.se\/kristinehamn\/wp-json\/wp\/v2\/categories?post=8712"},{"taxonomy":"post_tag","embeddable":true,"href":"https:\/\/www.djurskyddet.se\/kristinehamn\/wp-json\/wp\/v2\/tags?post=8712"}],"curies":[{"name":"wp","href":"https:\/\/api.w.org\/{rel}","templated":true}]}}