{"id":8974,"date":"2023-10-05T19:29:50","date_gmt":"2023-10-05T19:29:50","guid":{"rendered":"https:\/\/www.djurskyddet.se\/kristinehamn\/?p=8974"},"modified":"2023-10-06T21:57:23","modified_gmt":"2023-10-06T21:57:23","slug":"pelle-har-fatt-ett-nytt-hem","status":"publish","type":"post","link":"https:\/\/www.djurskyddet.se\/kristinehamn\/adopterade-omplacerade-djur\/pelle-har-fatt-ett-nytt-hem\/","title":{"rendered":"Pelle har f\u00e5tt ett nytt hem!"},"content":{"rendered":"\n<p>Ibland g\u00e5r det fort<img loading=\"lazy\" decoding=\"async\" height=\"16\" width=\"16\" src=\"https:\/\/static.xx.fbcdn.net\/images\/emoji.php\/v9\/t7f\/1\/16\/1f60a.png\" alt=\"?\"> Pelle och Sigge \u00e4r tingade och flyttar snart till sitt nya hem <img loading=\"lazy\" decoding=\"async\" height=\"16\" width=\"16\" src=\"https:\/\/static.xx.fbcdn.net\/images\/emoji.php\/v9\/t6c\/1\/16\/2764.png\" alt=\"\u2764\ufe0f\"><\/p>\n\n\n\n<p>Pelle f\u00f6dd 2017 s\u00f6ker nytt hem p\u00e5 grund av \u00e4ndrade f\u00f6rh\u00e5llanden i familjen, d\u00e4r han bodde tillsammans med Sigge.<\/p>\n\n\n\n<p>Pelle \u00e4r en fin och h\u00e4rlig kille som gillar gos och mys. Han vill g\u00e4rna flytta tillsammans med sin v\u00e4n Sigge.<\/p>\n\n\n\n<p>Alla katter som adopteras ut fr\u00e5n oss, ungkatt till vuxen, \u00e4r kastrerade (kattungar kastreras senare), ID-m\u00e4rkta\/registrerade och vaccinerade.<\/p>\n\n\n<div class=\"wp-block-image\">\n<figure class=\"aligncenter size-full is-resized\"><img loading=\"lazy\" decoding=\"async\" src=\"https:\/\/www.djurskyddet.se\/kristinehamn\/wp-content\/uploads\/sites\/31\/2023\/10\/Pelle-adopterad.jpg\" alt=\"\" class=\"wp-image-8975\" style=\"width:583px;height:777px\" width=\"583\" height=\"777\" srcset=\"https:\/\/www.djurskyddet.se\/kristinehamn\/wp-content\/uploads\/sites\/31\/2023\/10\/Pelle-adopterad.jpg 768w, https:\/\/www.djurskyddet.se\/kristinehamn\/wp-content\/uploads\/sites\/31\/2023\/10\/Pelle-adopterad-225x300.jpg 225w, https:\/\/www.djurskyddet.se\/kristinehamn\/wp-content\/uploads\/sites\/31\/2023\/10\/Pelle-adopterad-400x533.jpg 400w\" sizes=\"auto, (max-width: 583px) 100vw, 583px\" \/><\/figure><\/div>","protected":false},"excerpt":{"rendered":"<p>Ibland g\u00e5r det fort Pelle och Sigge \u00e4r tingade och flyttar snart till sitt nya hem Pelle f\u00f6dd 2017 s\u00f6ker nytt hem p\u00e5 grund av \u00e4ndrade f\u00f6rh\u00e5llanden i familjen, d\u00e4r han bodde tillsammans med Sigge. Pelle \u00e4r en fin och h\u00e4rlig kille som gillar gos och mys. Han vill g\u00e4rna flytta tillsammans med sin v\u00e4n Sigge. Alla katter som adopteras ut fr\u00e5n oss, ungkatt till vuxen, \u00e4r kastrerade (kattungar kastreras&hellip;<\/p>\n<p><a class=\"more-link\" href=\"https:\/\/www.djurskyddet.se\/kristinehamn\/adopterade-omplacerade-djur\/pelle-har-fatt-ett-nytt-hem\/\" title=\"Continue reading &lsquo;Pelle har f\u00e5tt ett nytt hem!&rsquo;\">L&auml;s mer<span class=\"meta-nav\">&raquo;<\/span><\/a><\/p>\n","protected":false},"author":42,"featured_media":8975,"comment_status":"closed","ping_status":"open","sticky":false,"template":"","format":"standard","meta":{"_acf_changed":false,"footnotes":""},"categories":[29],"tags":[],"class_list":["post-8974","post","type-post","status-publish","format-standard","has-post-thumbnail","hentry","category-adopterade-omplacerade-djur"],"acf":[],"_links":{"self":[{"href":"https:\/\/www.djurskyddet.se\/kristinehamn\/wp-json\/wp\/v2\/posts\/8974","targetHints":{"allow":["GET"]}}],"collection":[{"href":"https:\/\/www.djurskyddet.se\/kristinehamn\/wp-json\/wp\/v2\/posts"}],"about":[{"href":"https:\/\/www.djurskyddet.se\/kristinehamn\/wp-json\/wp\/v2\/types\/post"}],"author":[{"embeddable":true,"href":"https:\/\/www.djurskyddet.se\/kristinehamn\/wp-json\/wp\/v2\/users\/42"}],"replies":[{"embeddable":true,"href":"https:\/\/www.djurskyddet.se\/kristinehamn\/wp-json\/wp\/v2\/comments?post=8974"}],"version-history":[{"count":2,"href":"https:\/\/www.djurskyddet.se\/kristinehamn\/wp-json\/wp\/v2\/posts\/8974\/revisions"}],"predecessor-version":[{"id":8983,"href":"https:\/\/www.djurskyddet.se\/kristinehamn\/wp-json\/wp\/v2\/posts\/8974\/revisions\/8983"}],"wp:featuredmedia":[{"embeddable":true,"href":"https:\/\/www.djurskyddet.se\/kristinehamn\/wp-json\/wp\/v2\/media\/8975"}],"wp:attachment":[{"href":"https:\/\/www.djurskyddet.se\/kristinehamn\/wp-json\/wp\/v2\/media?parent=8974"}],"wp:term":[{"taxonomy":"category","embeddable":true,"href":"https:\/\/www.djurskyddet.se\/kristinehamn\/wp-json\/wp\/v2\/categories?post=8974"},{"taxonomy":"post_tag","embeddable":true,"href":"https:\/\/www.djurskyddet.se\/kristinehamn\/wp-json\/wp\/v2\/tags?post=8974"}],"curies":[{"name":"wp","href":"https:\/\/api.w.org\/{rel}","templated":true}]}}