{"id":9098,"date":"2023-11-27T20:23:45","date_gmt":"2023-11-27T20:23:45","guid":{"rendered":"https:\/\/www.djurskyddet.se\/kristinehamn\/?p=9098"},"modified":"2023-12-09T21:37:03","modified_gmt":"2023-12-09T21:37:03","slug":"lars-ove","status":"publish","type":"post","link":"https:\/\/www.djurskyddet.se\/kristinehamn\/adopterade-omplacerade-djur\/lars-ove\/","title":{"rendered":"Lars-Ove har f\u00e5tt ett nytt hem!"},"content":{"rendered":"\n<p>Lars-Ove har g\u00e5tt omkring som heml\u00f6s under en l\u00e4ngre tid innan han kom till v\u00e5rt djurhem. Han var okastrerad och om\u00e4rkt n\u00e4r han kom till oss. Vi vet inte hur gammal han \u00e4r<\/p>\n\n\n\n<p>Han \u00e4r en v\u00e4ldigt sn\u00e4ll och social herre som s\u00f6ker uppm\u00e4rksamhet och vill vara n\u00e4ra.<\/p>\n\n\n\n<p>Lars-Ove beh\u00f6ver komma till ett lugnt och tryggt hem med m\u00f6jlighet till utevistelse n\u00e4r han bott in sig och \u00e4r trygg.<\/p>\n\n\n\n<p>Alla katter som adopteras ut fr\u00e5n oss, ungkatt till vuxen, \u00e4r kastrerade (kattungar kastreras senare), ID-m\u00e4rkta\/registrerade och vaccinerade.<\/p>\n\n\n<div class=\"wp-block-image\">\n<figure class=\"aligncenter size-full is-resized\"><img loading=\"lazy\" decoding=\"async\" width=\"1024\" height=\"770\" src=\"https:\/\/www.djurskyddet.se\/kristinehamn\/wp-content\/uploads\/sites\/31\/2023\/12\/Lars-Ove-adopterad.jpg\" alt=\"\" class=\"wp-image-9149\" style=\"aspect-ratio:1.3298701298701299;width:513px;height:auto\" srcset=\"https:\/\/www.djurskyddet.se\/kristinehamn\/wp-content\/uploads\/sites\/31\/2023\/12\/Lars-Ove-adopterad.jpg 1024w, https:\/\/www.djurskyddet.se\/kristinehamn\/wp-content\/uploads\/sites\/31\/2023\/12\/Lars-Ove-adopterad-300x226.jpg 300w, https:\/\/www.djurskyddet.se\/kristinehamn\/wp-content\/uploads\/sites\/31\/2023\/12\/Lars-Ove-adopterad-768x578.jpg 768w, https:\/\/www.djurskyddet.se\/kristinehamn\/wp-content\/uploads\/sites\/31\/2023\/12\/Lars-Ove-adopterad-400x301.jpg 400w\" sizes=\"auto, (max-width: 1024px) 100vw, 1024px\" \/><\/figure><\/div>","protected":false},"excerpt":{"rendered":"<p>Lars-Ove har g\u00e5tt omkring som heml\u00f6s under en l\u00e4ngre tid innan han kom till v\u00e5rt djurhem. Han var okastrerad och om\u00e4rkt n\u00e4r han kom till oss. Vi vet inte hur gammal han \u00e4r Han \u00e4r en v\u00e4ldigt sn\u00e4ll och social herre som s\u00f6ker uppm\u00e4rksamhet och vill vara n\u00e4ra. Lars-Ove beh\u00f6ver komma till ett lugnt och tryggt hem med m\u00f6jlighet till utevistelse n\u00e4r han bott in sig och \u00e4r trygg. Alla&hellip;<\/p>\n<p><a class=\"more-link\" href=\"https:\/\/www.djurskyddet.se\/kristinehamn\/adopterade-omplacerade-djur\/lars-ove\/\" title=\"Continue reading &lsquo;Lars-Ove har f\u00e5tt ett nytt hem!&rsquo;\">L&auml;s mer<span class=\"meta-nav\">&raquo;<\/span><\/a><\/p>\n","protected":false},"author":42,"featured_media":9099,"comment_status":"closed","ping_status":"open","sticky":false,"template":"","format":"standard","meta":{"_acf_changed":false,"footnotes":""},"categories":[29],"tags":[],"class_list":["post-9098","post","type-post","status-publish","format-standard","has-post-thumbnail","hentry","category-adopterade-omplacerade-djur"],"acf":[],"_links":{"self":[{"href":"https:\/\/www.djurskyddet.se\/kristinehamn\/wp-json\/wp\/v2\/posts\/9098","targetHints":{"allow":["GET"]}}],"collection":[{"href":"https:\/\/www.djurskyddet.se\/kristinehamn\/wp-json\/wp\/v2\/posts"}],"about":[{"href":"https:\/\/www.djurskyddet.se\/kristinehamn\/wp-json\/wp\/v2\/types\/post"}],"author":[{"embeddable":true,"href":"https:\/\/www.djurskyddet.se\/kristinehamn\/wp-json\/wp\/v2\/users\/42"}],"replies":[{"embeddable":true,"href":"https:\/\/www.djurskyddet.se\/kristinehamn\/wp-json\/wp\/v2\/comments?post=9098"}],"version-history":[{"count":3,"href":"https:\/\/www.djurskyddet.se\/kristinehamn\/wp-json\/wp\/v2\/posts\/9098\/revisions"}],"predecessor-version":[{"id":9150,"href":"https:\/\/www.djurskyddet.se\/kristinehamn\/wp-json\/wp\/v2\/posts\/9098\/revisions\/9150"}],"wp:featuredmedia":[{"embeddable":true,"href":"https:\/\/www.djurskyddet.se\/kristinehamn\/wp-json\/wp\/v2\/media\/9099"}],"wp:attachment":[{"href":"https:\/\/www.djurskyddet.se\/kristinehamn\/wp-json\/wp\/v2\/media?parent=9098"}],"wp:term":[{"taxonomy":"category","embeddable":true,"href":"https:\/\/www.djurskyddet.se\/kristinehamn\/wp-json\/wp\/v2\/categories?post=9098"},{"taxonomy":"post_tag","embeddable":true,"href":"https:\/\/www.djurskyddet.se\/kristinehamn\/wp-json\/wp\/v2\/tags?post=9098"}],"curies":[{"name":"wp","href":"https:\/\/api.w.org\/{rel}","templated":true}]}}