{"id":9271,"date":"2024-02-26T22:39:04","date_gmt":"2024-02-26T22:39:04","guid":{"rendered":"https:\/\/www.djurskyddet.se\/kristinehamn\/?p=9271"},"modified":"2024-04-02T22:19:34","modified_gmt":"2024-04-02T22:19:34","slug":"melker","status":"publish","type":"post","link":"https:\/\/www.djurskyddet.se\/kristinehamn\/adopterade-omplacerade-djur\/melker\/","title":{"rendered":"Melker har f\u00e5tt ett nytt hem!"},"content":{"rendered":"\n<p>Melker \u00e4r en kastrerad hane f\u00f6dd 11\/7-22. Han har stamtavla, \u00e4r vaccinerad och f\u00f6rs\u00e4krad.<\/p>\n\n\n\n<p>Melker \u00e4r en stor och stark kille som p\u00e5 grund av olyckliga omst\u00e4ndigheter s\u00f6ker nytt hem.<\/p>\n\n\n\n<p>Han vill komma till landet d\u00e4r han har stora ytor att str\u00f6va omkring p\u00e5.<\/p>\n\n\n\n<p>Melker g\u00e5r fint i koppel, men har haft nosgrimma d\u00e5 han \u00e4r stor och stark och om det dyker upp n\u00e5got sp\u00e4nnande s\u00e5 kan han rycka till i kopplet.<\/p>\n\n\n\n<p>Han \u00e4r sn\u00e4ll, glad och beh\u00f6ver mycket aktivering.<\/p>\n\n\n<div class=\"wp-block-image\">\n<figure class=\"aligncenter size-full is-resized\"><img loading=\"lazy\" decoding=\"async\" width=\"960\" height=\"960\" src=\"https:\/\/www.djurskyddet.se\/kristinehamn\/wp-content\/uploads\/sites\/31\/2024\/04\/Melker-adopterad.jpg\" alt=\"\" class=\"wp-image-9367\" style=\"width:424px;height:auto\" srcset=\"https:\/\/www.djurskyddet.se\/kristinehamn\/wp-content\/uploads\/sites\/31\/2024\/04\/Melker-adopterad.jpg 960w, https:\/\/www.djurskyddet.se\/kristinehamn\/wp-content\/uploads\/sites\/31\/2024\/04\/Melker-adopterad-300x300.jpg 300w, https:\/\/www.djurskyddet.se\/kristinehamn\/wp-content\/uploads\/sites\/31\/2024\/04\/Melker-adopterad-150x150.jpg 150w, https:\/\/www.djurskyddet.se\/kristinehamn\/wp-content\/uploads\/sites\/31\/2024\/04\/Melker-adopterad-768x768.jpg 768w, https:\/\/www.djurskyddet.se\/kristinehamn\/wp-content\/uploads\/sites\/31\/2024\/04\/Melker-adopterad-400x400.jpg 400w\" sizes=\"auto, (max-width: 960px) 100vw, 960px\" \/><\/figure><\/div>","protected":false},"excerpt":{"rendered":"<p>Melker \u00e4r en kastrerad hane f\u00f6dd 11\/7-22. Han har stamtavla, \u00e4r vaccinerad och f\u00f6rs\u00e4krad. Melker \u00e4r en stor och stark kille som p\u00e5 grund av olyckliga omst\u00e4ndigheter s\u00f6ker nytt hem. Han vill komma till landet d\u00e4r han har stora ytor att str\u00f6va omkring p\u00e5. Melker g\u00e5r fint i koppel, men har haft nosgrimma d\u00e5 han \u00e4r stor och stark och om det dyker upp n\u00e5got sp\u00e4nnande s\u00e5 kan han rycka&hellip;<\/p>\n<p><a class=\"more-link\" href=\"https:\/\/www.djurskyddet.se\/kristinehamn\/adopterade-omplacerade-djur\/melker\/\" title=\"Continue reading &lsquo;Melker har f\u00e5tt ett nytt hem!&rsquo;\">L&auml;s mer<span class=\"meta-nav\">&raquo;<\/span><\/a><\/p>\n","protected":false},"author":42,"featured_media":9272,"comment_status":"closed","ping_status":"open","sticky":false,"template":"","format":"standard","meta":{"_acf_changed":false,"footnotes":""},"categories":[29],"tags":[],"class_list":["post-9271","post","type-post","status-publish","format-standard","has-post-thumbnail","hentry","category-adopterade-omplacerade-djur"],"acf":[],"_links":{"self":[{"href":"https:\/\/www.djurskyddet.se\/kristinehamn\/wp-json\/wp\/v2\/posts\/9271","targetHints":{"allow":["GET"]}}],"collection":[{"href":"https:\/\/www.djurskyddet.se\/kristinehamn\/wp-json\/wp\/v2\/posts"}],"about":[{"href":"https:\/\/www.djurskyddet.se\/kristinehamn\/wp-json\/wp\/v2\/types\/post"}],"author":[{"embeddable":true,"href":"https:\/\/www.djurskyddet.se\/kristinehamn\/wp-json\/wp\/v2\/users\/42"}],"replies":[{"embeddable":true,"href":"https:\/\/www.djurskyddet.se\/kristinehamn\/wp-json\/wp\/v2\/comments?post=9271"}],"version-history":[{"count":2,"href":"https:\/\/www.djurskyddet.se\/kristinehamn\/wp-json\/wp\/v2\/posts\/9271\/revisions"}],"predecessor-version":[{"id":9368,"href":"https:\/\/www.djurskyddet.se\/kristinehamn\/wp-json\/wp\/v2\/posts\/9271\/revisions\/9368"}],"wp:featuredmedia":[{"embeddable":true,"href":"https:\/\/www.djurskyddet.se\/kristinehamn\/wp-json\/wp\/v2\/media\/9272"}],"wp:attachment":[{"href":"https:\/\/www.djurskyddet.se\/kristinehamn\/wp-json\/wp\/v2\/media?parent=9271"}],"wp:term":[{"taxonomy":"category","embeddable":true,"href":"https:\/\/www.djurskyddet.se\/kristinehamn\/wp-json\/wp\/v2\/categories?post=9271"},{"taxonomy":"post_tag","embeddable":true,"href":"https:\/\/www.djurskyddet.se\/kristinehamn\/wp-json\/wp\/v2\/tags?post=9271"}],"curies":[{"name":"wp","href":"https:\/\/api.w.org\/{rel}","templated":true}]}}