{"id":9283,"date":"2024-02-26T22:53:22","date_gmt":"2024-02-26T22:53:22","guid":{"rendered":"https:\/\/www.djurskyddet.se\/kristinehamn\/?p=9283"},"modified":"2024-04-12T21:47:12","modified_gmt":"2024-04-12T21:47:12","slug":"kasper","status":"publish","type":"post","link":"https:\/\/www.djurskyddet.se\/kristinehamn\/adopterade-omplacerade-djur\/kasper\/","title":{"rendered":"Kasper har f\u00e5tt ett nytt hem!"},"content":{"rendered":"\n<p>Kasper kommer tillbaka till v\u00e5rt djurhem d\u00e5 det inte fungerade i nya hemmet och att han inte trivdes d\u00e4r.<\/p>\n\n\n\n<p>Kasper kom med fem kompisar till v\u00e5rt djurhem d\u00e5 deras matte blev sjuk och inte l\u00e4ngre kunde ta hand om dem. Vi vet inte hur gammal han \u00e4r.<\/p>\n\n\n\n<p>Kasper \u00e4r en trevlig och sn\u00e4ll kille, men p\u00e5 grund av de nya omst\u00e4ndigheterna \u00e4r han lite reserverad.<\/p>\n\n\n\n<p>Han \u00e4r en van utekatt och beh\u00f6ver ett hem d\u00e4r han s\u00e5 sm\u00e5ningom f\u00e5r tillg\u00e5ng att vara ute.<\/p>\n\n\n\n<p>Alla katter som adopteras ut fr\u00e5n oss, ungkatt till vuxen, \u00e4r kastrerade (kattungar kastreras senare), ID-m\u00e4rkta\/registrerade och vaccinerade.<\/p>\n\n\n<div class=\"wp-block-image\">\n<figure class=\"aligncenter size-full is-resized\"><img loading=\"lazy\" decoding=\"async\" width=\"1024\" height=\"768\" src=\"https:\/\/www.djurskyddet.se\/kristinehamn\/wp-content\/uploads\/sites\/31\/2024\/04\/Kasper-adopterad.jpg\" alt=\"\" class=\"wp-image-9384\" style=\"width:538px;height:auto\" srcset=\"https:\/\/www.djurskyddet.se\/kristinehamn\/wp-content\/uploads\/sites\/31\/2024\/04\/Kasper-adopterad.jpg 1024w, https:\/\/www.djurskyddet.se\/kristinehamn\/wp-content\/uploads\/sites\/31\/2024\/04\/Kasper-adopterad-300x225.jpg 300w, https:\/\/www.djurskyddet.se\/kristinehamn\/wp-content\/uploads\/sites\/31\/2024\/04\/Kasper-adopterad-768x576.jpg 768w, https:\/\/www.djurskyddet.se\/kristinehamn\/wp-content\/uploads\/sites\/31\/2024\/04\/Kasper-adopterad-400x300.jpg 400w\" sizes=\"auto, (max-width: 1024px) 100vw, 1024px\" \/><\/figure><\/div>","protected":false},"excerpt":{"rendered":"<p>Kasper kommer tillbaka till v\u00e5rt djurhem d\u00e5 det inte fungerade i nya hemmet och att han inte trivdes d\u00e4r. Kasper kom med fem kompisar till v\u00e5rt djurhem d\u00e5 deras matte blev sjuk och inte l\u00e4ngre kunde ta hand om dem. Vi vet inte hur gammal han \u00e4r. Kasper \u00e4r en trevlig och sn\u00e4ll kille, men p\u00e5 grund av de nya omst\u00e4ndigheterna \u00e4r han lite reserverad. Han \u00e4r en van utekatt&hellip;<\/p>\n<p><a class=\"more-link\" href=\"https:\/\/www.djurskyddet.se\/kristinehamn\/adopterade-omplacerade-djur\/kasper\/\" title=\"Continue reading &lsquo;Kasper har f\u00e5tt ett nytt hem!&rsquo;\">L&auml;s mer<span class=\"meta-nav\">&raquo;<\/span><\/a><\/p>\n","protected":false},"author":42,"featured_media":9284,"comment_status":"closed","ping_status":"open","sticky":false,"template":"","format":"standard","meta":{"_acf_changed":false,"footnotes":""},"categories":[29],"tags":[],"class_list":["post-9283","post","type-post","status-publish","format-standard","has-post-thumbnail","hentry","category-adopterade-omplacerade-djur"],"acf":[],"_links":{"self":[{"href":"https:\/\/www.djurskyddet.se\/kristinehamn\/wp-json\/wp\/v2\/posts\/9283","targetHints":{"allow":["GET"]}}],"collection":[{"href":"https:\/\/www.djurskyddet.se\/kristinehamn\/wp-json\/wp\/v2\/posts"}],"about":[{"href":"https:\/\/www.djurskyddet.se\/kristinehamn\/wp-json\/wp\/v2\/types\/post"}],"author":[{"embeddable":true,"href":"https:\/\/www.djurskyddet.se\/kristinehamn\/wp-json\/wp\/v2\/users\/42"}],"replies":[{"embeddable":true,"href":"https:\/\/www.djurskyddet.se\/kristinehamn\/wp-json\/wp\/v2\/comments?post=9283"}],"version-history":[{"count":2,"href":"https:\/\/www.djurskyddet.se\/kristinehamn\/wp-json\/wp\/v2\/posts\/9283\/revisions"}],"predecessor-version":[{"id":9385,"href":"https:\/\/www.djurskyddet.se\/kristinehamn\/wp-json\/wp\/v2\/posts\/9283\/revisions\/9385"}],"wp:featuredmedia":[{"embeddable":true,"href":"https:\/\/www.djurskyddet.se\/kristinehamn\/wp-json\/wp\/v2\/media\/9284"}],"wp:attachment":[{"href":"https:\/\/www.djurskyddet.se\/kristinehamn\/wp-json\/wp\/v2\/media?parent=9283"}],"wp:term":[{"taxonomy":"category","embeddable":true,"href":"https:\/\/www.djurskyddet.se\/kristinehamn\/wp-json\/wp\/v2\/categories?post=9283"},{"taxonomy":"post_tag","embeddable":true,"href":"https:\/\/www.djurskyddet.se\/kristinehamn\/wp-json\/wp\/v2\/tags?post=9283"}],"curies":[{"name":"wp","href":"https:\/\/api.w.org\/{rel}","templated":true}]}}