{"id":9308,"date":"2024-03-04T23:05:27","date_gmt":"2024-03-04T23:05:27","guid":{"rendered":"https:\/\/www.djurskyddet.se\/kristinehamn\/?p=9308"},"modified":"2024-04-23T20:48:37","modified_gmt":"2024-04-23T20:48:37","slug":"vargas","status":"publish","type":"post","link":"https:\/\/www.djurskyddet.se\/kristinehamn\/adopterade-omplacerade-djur\/vargas\/","title":{"rendered":"Vargas har f\u00e5tt ett nytt hem!"},"content":{"rendered":"\n<p>Jag \u00e4r en busig kille full av k\u00e4rlek. Gillar att gosa och bli klappad p\u00e5 mina villkor och inte f\u00f6r mycket.<\/p>\n\n\n\n<p>Jag tycker inte om att bli buren.&nbsp;<\/p>\n\n\n\n<p>Jag har levt som heml\u00f6s och slagits f\u00f6r min \u00f6verlevnad. Jag hade ett stort infekterat s\u00e5r i huvudet n\u00e4r jag kom till djurhemmet men som nu \u00e4r \u00e5tg\u00e4rdat av veterin\u00e4r och helt l\u00e4kt.<\/p>\n\n\n\n<p>Nu s\u00f6ker jag mitt egna f\u00f6r alltid-hem d\u00e4r jag f\u00e5r leva i trygghet.<\/p>\n\n\n\n<p>Alla katter som adopteras ut fr\u00e5n oss, ungkatt till vuxen, \u00e4r kastrerade (kattungar kastreras senare), ID-m\u00e4rkta\/registrerade och vaccinerade.<\/p>\n\n\n<div class=\"wp-block-image\">\n<figure class=\"aligncenter size-full is-resized\"><img loading=\"lazy\" decoding=\"async\" width=\"768\" height=\"960\" src=\"https:\/\/www.djurskyddet.se\/kristinehamn\/wp-content\/uploads\/sites\/31\/2024\/04\/Vargas-adopterad.jpg\" alt=\"\" class=\"wp-image-9410\" style=\"width:478px;height:auto\" srcset=\"https:\/\/www.djurskyddet.se\/kristinehamn\/wp-content\/uploads\/sites\/31\/2024\/04\/Vargas-adopterad.jpg 768w, https:\/\/www.djurskyddet.se\/kristinehamn\/wp-content\/uploads\/sites\/31\/2024\/04\/Vargas-adopterad-240x300.jpg 240w, https:\/\/www.djurskyddet.se\/kristinehamn\/wp-content\/uploads\/sites\/31\/2024\/04\/Vargas-adopterad-400x500.jpg 400w\" sizes=\"auto, (max-width: 768px) 100vw, 768px\" \/><\/figure><\/div>","protected":false},"excerpt":{"rendered":"<p>Jag \u00e4r en busig kille full av k\u00e4rlek. Gillar att gosa och bli klappad p\u00e5 mina villkor och inte f\u00f6r mycket. Jag tycker inte om att bli buren.&nbsp; Jag har levt som heml\u00f6s och slagits f\u00f6r min \u00f6verlevnad. Jag hade ett stort infekterat s\u00e5r i huvudet n\u00e4r jag kom till djurhemmet men som nu \u00e4r \u00e5tg\u00e4rdat av veterin\u00e4r och helt l\u00e4kt. Nu s\u00f6ker jag mitt egna f\u00f6r alltid-hem d\u00e4r jag&hellip;<\/p>\n<p><a class=\"more-link\" href=\"https:\/\/www.djurskyddet.se\/kristinehamn\/adopterade-omplacerade-djur\/vargas\/\" title=\"Continue reading &lsquo;Vargas har f\u00e5tt ett nytt hem!&rsquo;\">L&auml;s mer<span class=\"meta-nav\">&raquo;<\/span><\/a><\/p>\n","protected":false},"author":42,"featured_media":9309,"comment_status":"closed","ping_status":"open","sticky":false,"template":"","format":"standard","meta":{"_acf_changed":false,"footnotes":""},"categories":[29],"tags":[],"class_list":["post-9308","post","type-post","status-publish","format-standard","has-post-thumbnail","hentry","category-adopterade-omplacerade-djur"],"acf":[],"_links":{"self":[{"href":"https:\/\/www.djurskyddet.se\/kristinehamn\/wp-json\/wp\/v2\/posts\/9308","targetHints":{"allow":["GET"]}}],"collection":[{"href":"https:\/\/www.djurskyddet.se\/kristinehamn\/wp-json\/wp\/v2\/posts"}],"about":[{"href":"https:\/\/www.djurskyddet.se\/kristinehamn\/wp-json\/wp\/v2\/types\/post"}],"author":[{"embeddable":true,"href":"https:\/\/www.djurskyddet.se\/kristinehamn\/wp-json\/wp\/v2\/users\/42"}],"replies":[{"embeddable":true,"href":"https:\/\/www.djurskyddet.se\/kristinehamn\/wp-json\/wp\/v2\/comments?post=9308"}],"version-history":[{"count":2,"href":"https:\/\/www.djurskyddet.se\/kristinehamn\/wp-json\/wp\/v2\/posts\/9308\/revisions"}],"predecessor-version":[{"id":9411,"href":"https:\/\/www.djurskyddet.se\/kristinehamn\/wp-json\/wp\/v2\/posts\/9308\/revisions\/9411"}],"wp:featuredmedia":[{"embeddable":true,"href":"https:\/\/www.djurskyddet.se\/kristinehamn\/wp-json\/wp\/v2\/media\/9309"}],"wp:attachment":[{"href":"https:\/\/www.djurskyddet.se\/kristinehamn\/wp-json\/wp\/v2\/media?parent=9308"}],"wp:term":[{"taxonomy":"category","embeddable":true,"href":"https:\/\/www.djurskyddet.se\/kristinehamn\/wp-json\/wp\/v2\/categories?post=9308"},{"taxonomy":"post_tag","embeddable":true,"href":"https:\/\/www.djurskyddet.se\/kristinehamn\/wp-json\/wp\/v2\/tags?post=9308"}],"curies":[{"name":"wp","href":"https:\/\/api.w.org\/{rel}","templated":true}]}}