{"id":9390,"date":"2024-04-15T21:11:35","date_gmt":"2024-04-15T21:11:35","guid":{"rendered":"https:\/\/www.djurskyddet.se\/kristinehamn\/?p=9390"},"modified":"2024-04-15T21:21:31","modified_gmt":"2024-04-15T21:21:31","slug":"shajan-och-shami-har-fatt-ett-nytt-hem","status":"publish","type":"post","link":"https:\/\/www.djurskyddet.se\/kristinehamn\/adopterade-omplacerade-djur\/shajan-och-shami-har-fatt-ett-nytt-hem\/","title":{"rendered":"Shajan och Shami har f\u00e5tt ett nytt hem!"},"content":{"rendered":"\n<p>Shajan och Shami \u00e4r tv\u00e5 unga killar (vi har ingen exakt \u00e5lder) som s\u00f6ker sitt nya hem och de ska adopteras tillsammans.<\/p>\n\n\n\n<p>\u00c4r du den som vill \u00f6ppna dit hem f\u00f6r dessa tv\u00e5 gosiga, sociala och mycket trevliga killar.<\/p>\n\n\n\n<p>De har haft ett jobbigt och tr\u00e5kigt liv innan de kom till v\u00e5rt djurhem De har bara visat positiva sidor h\u00e4r hos oss.<\/p>\n\n\n<div class=\"wp-block-image\">\n<figure class=\"aligncenter size-full is-resized\"><img loading=\"lazy\" decoding=\"async\" width=\"1024\" height=\"1024\" src=\"https:\/\/www.djurskyddet.se\/kristinehamn\/wp-content\/uploads\/sites\/31\/2024\/04\/Shajan-och-Shami-adopterade.jpg\" alt=\"\" class=\"wp-image-9391\" style=\"width:511px;height:auto\" srcset=\"https:\/\/www.djurskyddet.se\/kristinehamn\/wp-content\/uploads\/sites\/31\/2024\/04\/Shajan-och-Shami-adopterade.jpg 1024w, https:\/\/www.djurskyddet.se\/kristinehamn\/wp-content\/uploads\/sites\/31\/2024\/04\/Shajan-och-Shami-adopterade-300x300.jpg 300w, https:\/\/www.djurskyddet.se\/kristinehamn\/wp-content\/uploads\/sites\/31\/2024\/04\/Shajan-och-Shami-adopterade-150x150.jpg 150w, https:\/\/www.djurskyddet.se\/kristinehamn\/wp-content\/uploads\/sites\/31\/2024\/04\/Shajan-och-Shami-adopterade-768x768.jpg 768w, https:\/\/www.djurskyddet.se\/kristinehamn\/wp-content\/uploads\/sites\/31\/2024\/04\/Shajan-och-Shami-adopterade-400x400.jpg 400w\" sizes=\"auto, (max-width: 1024px) 100vw, 1024px\" \/><\/figure><\/div>","protected":false},"excerpt":{"rendered":"<p>Shajan och Shami \u00e4r tv\u00e5 unga killar (vi har ingen exakt \u00e5lder) som s\u00f6ker sitt nya hem och de ska adopteras tillsammans. \u00c4r du den som vill \u00f6ppna dit hem f\u00f6r dessa tv\u00e5 gosiga, sociala och mycket trevliga killar. De har haft ett jobbigt och tr\u00e5kigt liv innan de kom till v\u00e5rt djurhem De har bara visat positiva sidor h\u00e4r hos oss.<\/p>\n","protected":false},"author":42,"featured_media":9395,"comment_status":"closed","ping_status":"open","sticky":false,"template":"","format":"standard","meta":{"_acf_changed":false,"footnotes":""},"categories":[29],"tags":[],"class_list":["post-9390","post","type-post","status-publish","format-standard","has-post-thumbnail","hentry","category-adopterade-omplacerade-djur"],"acf":[],"_links":{"self":[{"href":"https:\/\/www.djurskyddet.se\/kristinehamn\/wp-json\/wp\/v2\/posts\/9390","targetHints":{"allow":["GET"]}}],"collection":[{"href":"https:\/\/www.djurskyddet.se\/kristinehamn\/wp-json\/wp\/v2\/posts"}],"about":[{"href":"https:\/\/www.djurskyddet.se\/kristinehamn\/wp-json\/wp\/v2\/types\/post"}],"author":[{"embeddable":true,"href":"https:\/\/www.djurskyddet.se\/kristinehamn\/wp-json\/wp\/v2\/users\/42"}],"replies":[{"embeddable":true,"href":"https:\/\/www.djurskyddet.se\/kristinehamn\/wp-json\/wp\/v2\/comments?post=9390"}],"version-history":[{"count":1,"href":"https:\/\/www.djurskyddet.se\/kristinehamn\/wp-json\/wp\/v2\/posts\/9390\/revisions"}],"predecessor-version":[{"id":9392,"href":"https:\/\/www.djurskyddet.se\/kristinehamn\/wp-json\/wp\/v2\/posts\/9390\/revisions\/9392"}],"wp:featuredmedia":[{"embeddable":true,"href":"https:\/\/www.djurskyddet.se\/kristinehamn\/wp-json\/wp\/v2\/media\/9395"}],"wp:attachment":[{"href":"https:\/\/www.djurskyddet.se\/kristinehamn\/wp-json\/wp\/v2\/media?parent=9390"}],"wp:term":[{"taxonomy":"category","embeddable":true,"href":"https:\/\/www.djurskyddet.se\/kristinehamn\/wp-json\/wp\/v2\/categories?post=9390"},{"taxonomy":"post_tag","embeddable":true,"href":"https:\/\/www.djurskyddet.se\/kristinehamn\/wp-json\/wp\/v2\/tags?post=9390"}],"curies":[{"name":"wp","href":"https:\/\/api.w.org\/{rel}","templated":true}]}}