{"id":9484,"date":"2024-06-18T21:42:43","date_gmt":"2024-06-18T21:42:43","guid":{"rendered":"https:\/\/www.djurskyddet.se\/kristinehamn\/?p=9484"},"modified":"2024-08-03T11:08:51","modified_gmt":"2024-08-03T11:08:51","slug":"nala","status":"publish","type":"post","link":"https:\/\/www.djurskyddet.se\/kristinehamn\/adopterade-omplacerade-djur\/nala\/","title":{"rendered":"Nala har f\u00e5tt ett nytt hem!"},"content":{"rendered":"\n<p>Hej!<\/p>\n\n\n\n<p>Nala heter jag och det \u00e4r ingen som riktigt vet hur gammal jag \u00e4r.<\/p>\n\n\n\n<p>Jag \u00e4r otroligt sn\u00e4ll och super social. \u00c4lskar att bli klappad och gosade med.<\/p>\n\n\n\n<p>Nu bara v\u00e4ntar jag p\u00e5 att jag skall f\u00e5 en egen husse och\/eller matte.<\/p>\n\n\n\n<p>H\u00e4lsningar fr\u00e5n Nala&nbsp;<img decoding=\"async\" alt=\"\u2764\ufe0f\" src=\"https:\/\/fonts.gstatic.com\/s\/e\/notoemoji\/15.0\/2764_fe0f\/32.png\"><\/p>\n\n\n\n<p>Alla katter som adopteras ut fr\u00e5n oss, ungkatt till vuxen, \u00e4r kastrerade (kattungar kastreras senare), ID-m\u00e4rkta\/registrerade och vaccinerade.<\/p>\n\n\n<div class=\"wp-block-image\">\n<figure class=\"aligncenter size-full is-resized\"><img loading=\"lazy\" decoding=\"async\" width=\"1024\" height=\"770\" src=\"https:\/\/www.djurskyddet.se\/kristinehamn\/wp-content\/uploads\/sites\/31\/2024\/08\/Nala-adopterad.jpg\" alt=\"\" class=\"wp-image-9512\" style=\"width:554px;height:auto\" srcset=\"https:\/\/www.djurskyddet.se\/kristinehamn\/wp-content\/uploads\/sites\/31\/2024\/08\/Nala-adopterad.jpg 1024w, https:\/\/www.djurskyddet.se\/kristinehamn\/wp-content\/uploads\/sites\/31\/2024\/08\/Nala-adopterad-300x226.jpg 300w, https:\/\/www.djurskyddet.se\/kristinehamn\/wp-content\/uploads\/sites\/31\/2024\/08\/Nala-adopterad-768x578.jpg 768w, https:\/\/www.djurskyddet.se\/kristinehamn\/wp-content\/uploads\/sites\/31\/2024\/08\/Nala-adopterad-400x301.jpg 400w\" sizes=\"auto, (max-width: 1024px) 100vw, 1024px\" \/><\/figure><\/div>","protected":false},"excerpt":{"rendered":"<p>Hej! Nala heter jag och det \u00e4r ingen som riktigt vet hur gammal jag \u00e4r. Jag \u00e4r otroligt sn\u00e4ll och super social. \u00c4lskar att bli klappad och gosade med. Nu bara v\u00e4ntar jag p\u00e5 att jag skall f\u00e5 en egen husse och\/eller matte. H\u00e4lsningar fr\u00e5n Nala&nbsp; Alla katter som adopteras ut fr\u00e5n oss, ungkatt till vuxen, \u00e4r kastrerade (kattungar kastreras senare), ID-m\u00e4rkta\/registrerade och vaccinerade.<\/p>\n","protected":false},"author":42,"featured_media":9485,"comment_status":"closed","ping_status":"open","sticky":false,"template":"","format":"standard","meta":{"_acf_changed":false,"footnotes":""},"categories":[29],"tags":[],"class_list":["post-9484","post","type-post","status-publish","format-standard","has-post-thumbnail","hentry","category-adopterade-omplacerade-djur"],"acf":[],"_links":{"self":[{"href":"https:\/\/www.djurskyddet.se\/kristinehamn\/wp-json\/wp\/v2\/posts\/9484","targetHints":{"allow":["GET"]}}],"collection":[{"href":"https:\/\/www.djurskyddet.se\/kristinehamn\/wp-json\/wp\/v2\/posts"}],"about":[{"href":"https:\/\/www.djurskyddet.se\/kristinehamn\/wp-json\/wp\/v2\/types\/post"}],"author":[{"embeddable":true,"href":"https:\/\/www.djurskyddet.se\/kristinehamn\/wp-json\/wp\/v2\/users\/42"}],"replies":[{"embeddable":true,"href":"https:\/\/www.djurskyddet.se\/kristinehamn\/wp-json\/wp\/v2\/comments?post=9484"}],"version-history":[{"count":2,"href":"https:\/\/www.djurskyddet.se\/kristinehamn\/wp-json\/wp\/v2\/posts\/9484\/revisions"}],"predecessor-version":[{"id":9513,"href":"https:\/\/www.djurskyddet.se\/kristinehamn\/wp-json\/wp\/v2\/posts\/9484\/revisions\/9513"}],"wp:featuredmedia":[{"embeddable":true,"href":"https:\/\/www.djurskyddet.se\/kristinehamn\/wp-json\/wp\/v2\/media\/9485"}],"wp:attachment":[{"href":"https:\/\/www.djurskyddet.se\/kristinehamn\/wp-json\/wp\/v2\/media?parent=9484"}],"wp:term":[{"taxonomy":"category","embeddable":true,"href":"https:\/\/www.djurskyddet.se\/kristinehamn\/wp-json\/wp\/v2\/categories?post=9484"},{"taxonomy":"post_tag","embeddable":true,"href":"https:\/\/www.djurskyddet.se\/kristinehamn\/wp-json\/wp\/v2\/tags?post=9484"}],"curies":[{"name":"wp","href":"https:\/\/api.w.org\/{rel}","templated":true}]}}