{"id":9497,"date":"2024-07-25T07:50:11","date_gmt":"2024-07-25T07:50:11","guid":{"rendered":"https:\/\/www.djurskyddet.se\/kristinehamn\/?p=9497"},"modified":"2024-09-26T18:53:09","modified_gmt":"2024-09-26T18:53:09","slug":"pascal","status":"publish","type":"post","link":"https:\/\/www.djurskyddet.se\/kristinehamn\/adopterade-omplacerade-djur\/pascal\/","title":{"rendered":"Pascal har f\u00e5tt ett nytt hem!"},"content":{"rendered":"\n<p>Pascal h\u00e4r, som m\u00e5nga andra av mina kompisar s\u00e5 vet ingen hur gammal jag \u00e4r.<br>Jag \u00e4r den gr\u00e5-vita katten p\u00e5 bilden.<\/p>\n\n\n\n<p>Jag \u00e4r en f\u00f6rsiktig kille som inte g\u00e4rna kommer fram till fr\u00e4mmande. Men jag \u00e4r en sn\u00e4ll kille och fullt hanterbar. Jag gillar att ligga ute s\u00e5 ett hem med tillg\u00e5ng till utevistelse skulle vara bra.<\/p>\n\n\n\n<p>Det \u00e4r jag som \u00e4r gr\u00e5 och vit.<\/p>\n\n\n\n<p>Alla katter som adopteras ut fr\u00e5n oss, ungkatt till vuxen, \u00e4r kastrerade (kattungar kastreras senare), ID-m\u00e4rkta\/registrerade och vaccinerade.<\/p>\n\n\n<div class=\"wp-block-image\">\n<figure class=\"aligncenter size-full is-resized\"><img loading=\"lazy\" decoding=\"async\" width=\"1024\" height=\"768\" src=\"https:\/\/www.djurskyddet.se\/kristinehamn\/wp-content\/uploads\/sites\/31\/2024\/07\/Pascal-adopterad.jpg\" alt=\"\" class=\"wp-image-9614\" style=\"width:636px;height:auto\" srcset=\"https:\/\/www.djurskyddet.se\/kristinehamn\/wp-content\/uploads\/sites\/31\/2024\/07\/Pascal-adopterad.jpg 1024w, https:\/\/www.djurskyddet.se\/kristinehamn\/wp-content\/uploads\/sites\/31\/2024\/07\/Pascal-adopterad-300x225.jpg 300w, https:\/\/www.djurskyddet.se\/kristinehamn\/wp-content\/uploads\/sites\/31\/2024\/07\/Pascal-adopterad-768x576.jpg 768w, https:\/\/www.djurskyddet.se\/kristinehamn\/wp-content\/uploads\/sites\/31\/2024\/07\/Pascal-adopterad-400x300.jpg 400w\" sizes=\"auto, (max-width: 1024px) 100vw, 1024px\" \/><\/figure><\/div>","protected":false},"excerpt":{"rendered":"<p>Pascal h\u00e4r, som m\u00e5nga andra av mina kompisar s\u00e5 vet ingen hur gammal jag \u00e4r.Jag \u00e4r den gr\u00e5-vita katten p\u00e5 bilden. Jag \u00e4r en f\u00f6rsiktig kille som inte g\u00e4rna kommer fram till fr\u00e4mmande. Men jag \u00e4r en sn\u00e4ll kille och fullt hanterbar. Jag gillar att ligga ute s\u00e5 ett hem med tillg\u00e5ng till utevistelse skulle vara bra. Det \u00e4r jag som \u00e4r gr\u00e5 och vit. Alla katter som adopteras ut&hellip;<\/p>\n<p><a class=\"more-link\" href=\"https:\/\/www.djurskyddet.se\/kristinehamn\/adopterade-omplacerade-djur\/pascal\/\" title=\"Continue reading &lsquo;Pascal har f\u00e5tt ett nytt hem!&rsquo;\">L&auml;s mer<span class=\"meta-nav\">&raquo;<\/span><\/a><\/p>\n","protected":false},"author":42,"featured_media":9498,"comment_status":"closed","ping_status":"open","sticky":false,"template":"","format":"standard","meta":{"_acf_changed":false,"footnotes":""},"categories":[29],"tags":[],"class_list":["post-9497","post","type-post","status-publish","format-standard","has-post-thumbnail","hentry","category-adopterade-omplacerade-djur"],"acf":[],"_links":{"self":[{"href":"https:\/\/www.djurskyddet.se\/kristinehamn\/wp-json\/wp\/v2\/posts\/9497","targetHints":{"allow":["GET"]}}],"collection":[{"href":"https:\/\/www.djurskyddet.se\/kristinehamn\/wp-json\/wp\/v2\/posts"}],"about":[{"href":"https:\/\/www.djurskyddet.se\/kristinehamn\/wp-json\/wp\/v2\/types\/post"}],"author":[{"embeddable":true,"href":"https:\/\/www.djurskyddet.se\/kristinehamn\/wp-json\/wp\/v2\/users\/42"}],"replies":[{"embeddable":true,"href":"https:\/\/www.djurskyddet.se\/kristinehamn\/wp-json\/wp\/v2\/comments?post=9497"}],"version-history":[{"count":2,"href":"https:\/\/www.djurskyddet.se\/kristinehamn\/wp-json\/wp\/v2\/posts\/9497\/revisions"}],"predecessor-version":[{"id":9615,"href":"https:\/\/www.djurskyddet.se\/kristinehamn\/wp-json\/wp\/v2\/posts\/9497\/revisions\/9615"}],"wp:featuredmedia":[{"embeddable":true,"href":"https:\/\/www.djurskyddet.se\/kristinehamn\/wp-json\/wp\/v2\/media\/9498"}],"wp:attachment":[{"href":"https:\/\/www.djurskyddet.se\/kristinehamn\/wp-json\/wp\/v2\/media?parent=9497"}],"wp:term":[{"taxonomy":"category","embeddable":true,"href":"https:\/\/www.djurskyddet.se\/kristinehamn\/wp-json\/wp\/v2\/categories?post=9497"},{"taxonomy":"post_tag","embeddable":true,"href":"https:\/\/www.djurskyddet.se\/kristinehamn\/wp-json\/wp\/v2\/tags?post=9497"}],"curies":[{"name":"wp","href":"https:\/\/api.w.org\/{rel}","templated":true}]}}