{"id":9547,"date":"2024-08-18T20:28:30","date_gmt":"2024-08-18T20:28:30","guid":{"rendered":"https:\/\/www.djurskyddet.se\/kristinehamn\/?p=9547"},"modified":"2024-10-17T06:40:32","modified_gmt":"2024-10-17T06:40:32","slug":"ester","status":"publish","type":"post","link":"https:\/\/www.djurskyddet.se\/kristinehamn\/adopterade-omplacerade-djur\/ester\/","title":{"rendered":"Ester har f\u00e5tt ett nytt hem!"},"content":{"rendered":"\n<p>Ester h\u00e4r, jag \u00e4r f\u00f6dd 2017. Jag \u00e4r lite f\u00f6rsiktig och r\u00e4dd, s\u00e5 jag beh\u00f6ver tid p\u00e5 mig f\u00f6r att lita fullt ut p\u00e5 m\u00e4nniskor.<\/p>\n\n\n\n<p>Jag \u00e4r fullt hanterbar.<\/p>\n\n\n\n<p>Jag ska flytta tillsammans med<mark style=\"background-color:#ffffff\" class=\"has-inline-color has-vivid-cyan-blue-color\"> <a href=\"https:\/\/www.djurskyddet.se\/kristinehamn\/katter-soker-hem\/otto\/\" target=\"_blank\" rel=\"noreferrer noopener\">Otto<\/a><\/mark>.<\/p>\n\n\n\n<p>Alla katter som adopteras ut fr\u00e5n oss, ungkatt till vuxen, \u00e4r kastrerade (kattungar kastreras senare), ID-m\u00e4rkta\/registrerade och vaccinerade.<\/p>\n\n\n<div class=\"wp-block-image\">\n<figure class=\"aligncenter size-full is-resized\"><img loading=\"lazy\" decoding=\"async\" width=\"1024\" height=\"768\" src=\"https:\/\/www.djurskyddet.se\/kristinehamn\/wp-content\/uploads\/sites\/31\/2024\/08\/Ester-adopterad.jpg\" alt=\"\" class=\"wp-image-9655\" style=\"width:476px;height:auto\" srcset=\"https:\/\/www.djurskyddet.se\/kristinehamn\/wp-content\/uploads\/sites\/31\/2024\/08\/Ester-adopterad.jpg 1024w, https:\/\/www.djurskyddet.se\/kristinehamn\/wp-content\/uploads\/sites\/31\/2024\/08\/Ester-adopterad-300x225.jpg 300w, https:\/\/www.djurskyddet.se\/kristinehamn\/wp-content\/uploads\/sites\/31\/2024\/08\/Ester-adopterad-768x576.jpg 768w, https:\/\/www.djurskyddet.se\/kristinehamn\/wp-content\/uploads\/sites\/31\/2024\/08\/Ester-adopterad-400x300.jpg 400w\" sizes=\"auto, (max-width: 1024px) 100vw, 1024px\" \/><\/figure><\/div>","protected":false},"excerpt":{"rendered":"<p>Ester h\u00e4r, jag \u00e4r f\u00f6dd 2017. Jag \u00e4r lite f\u00f6rsiktig och r\u00e4dd, s\u00e5 jag beh\u00f6ver tid p\u00e5 mig f\u00f6r att lita fullt ut p\u00e5 m\u00e4nniskor. Jag \u00e4r fullt hanterbar. Jag ska flytta tillsammans med Otto. Alla katter som adopteras ut fr\u00e5n oss, ungkatt till vuxen, \u00e4r kastrerade (kattungar kastreras senare), ID-m\u00e4rkta\/registrerade och vaccinerade.<\/p>\n","protected":false},"author":42,"featured_media":9548,"comment_status":"closed","ping_status":"open","sticky":false,"template":"","format":"standard","meta":{"_acf_changed":false,"footnotes":""},"categories":[29],"tags":[],"class_list":["post-9547","post","type-post","status-publish","format-standard","has-post-thumbnail","hentry","category-adopterade-omplacerade-djur"],"acf":[],"_links":{"self":[{"href":"https:\/\/www.djurskyddet.se\/kristinehamn\/wp-json\/wp\/v2\/posts\/9547","targetHints":{"allow":["GET"]}}],"collection":[{"href":"https:\/\/www.djurskyddet.se\/kristinehamn\/wp-json\/wp\/v2\/posts"}],"about":[{"href":"https:\/\/www.djurskyddet.se\/kristinehamn\/wp-json\/wp\/v2\/types\/post"}],"author":[{"embeddable":true,"href":"https:\/\/www.djurskyddet.se\/kristinehamn\/wp-json\/wp\/v2\/users\/42"}],"replies":[{"embeddable":true,"href":"https:\/\/www.djurskyddet.se\/kristinehamn\/wp-json\/wp\/v2\/comments?post=9547"}],"version-history":[{"count":3,"href":"https:\/\/www.djurskyddet.se\/kristinehamn\/wp-json\/wp\/v2\/posts\/9547\/revisions"}],"predecessor-version":[{"id":9657,"href":"https:\/\/www.djurskyddet.se\/kristinehamn\/wp-json\/wp\/v2\/posts\/9547\/revisions\/9657"}],"wp:featuredmedia":[{"embeddable":true,"href":"https:\/\/www.djurskyddet.se\/kristinehamn\/wp-json\/wp\/v2\/media\/9548"}],"wp:attachment":[{"href":"https:\/\/www.djurskyddet.se\/kristinehamn\/wp-json\/wp\/v2\/media?parent=9547"}],"wp:term":[{"taxonomy":"category","embeddable":true,"href":"https:\/\/www.djurskyddet.se\/kristinehamn\/wp-json\/wp\/v2\/categories?post=9547"},{"taxonomy":"post_tag","embeddable":true,"href":"https:\/\/www.djurskyddet.se\/kristinehamn\/wp-json\/wp\/v2\/tags?post=9547"}],"curies":[{"name":"wp","href":"https:\/\/api.w.org\/{rel}","templated":true}]}}