{"id":9581,"date":"2024-08-29T20:23:13","date_gmt":"2024-08-29T20:23:13","guid":{"rendered":"https:\/\/www.djurskyddet.se\/kristinehamn\/?p=9581"},"modified":"2024-09-12T20:20:29","modified_gmt":"2024-09-12T20:20:29","slug":"stella","status":"publish","type":"post","link":"https:\/\/www.djurskyddet.se\/kristinehamn\/adopterade-omplacerade-djur\/stella\/","title":{"rendered":"Stella har f\u00e5tt ett nytt hem!"},"content":{"rendered":"\n<p>Stella \u00e4r v\u00e4ldigt gosig, upps\u00f6kande och social tjej. Hon \u00e4r f\u00f6dd 2023 och \u00e4r nyfiken i en strut. <br><br>Hon \u00e4r v\u00e4ldigt alert och gillar att bli klappad. Att leka och jaga godisbitar \u00e4r superkul tycker hon.&nbsp;<\/p>\n\n\n\n<p>Stella ska flytta med sin kattkompis <a href=\"https:\/\/www.djurskyddet.se\/kristinehamn\/katter-soker-hem\/luna\/\" target=\"_blank\" rel=\"noreferrer noopener\"><mark style=\"background-color:#ffffff\" class=\"has-inline-color has-vivid-cyan-blue-color\">Luna<\/mark><\/a>.<\/p>\n\n\n\n<p>En trygg utevistelse n\u00e4r hon bott in sig.<\/p>\n\n\n\n<p>Alla katter som adopteras ut fr\u00e5n oss, ungkatt till vuxen, \u00e4r kastrerade (kattungar kastreras senare), ID-m\u00e4rkta\/registrerade och vaccinerade.<\/p>\n\n\n<div class=\"wp-block-image\">\n<figure class=\"aligncenter size-full is-resized\"><img loading=\"lazy\" decoding=\"async\" width=\"587\" height=\"1024\" src=\"https:\/\/www.djurskyddet.se\/kristinehamn\/wp-content\/uploads\/sites\/31\/2024\/08\/Stella-adopterad.jpg\" alt=\"\" class=\"wp-image-9588\" style=\"width:378px;height:auto\" srcset=\"https:\/\/www.djurskyddet.se\/kristinehamn\/wp-content\/uploads\/sites\/31\/2024\/08\/Stella-adopterad.jpg 587w, https:\/\/www.djurskyddet.se\/kristinehamn\/wp-content\/uploads\/sites\/31\/2024\/08\/Stella-adopterad-172x300.jpg 172w, https:\/\/www.djurskyddet.se\/kristinehamn\/wp-content\/uploads\/sites\/31\/2024\/08\/Stella-adopterad-400x698.jpg 400w\" sizes=\"auto, (max-width: 587px) 100vw, 587px\" \/><\/figure><\/div>","protected":false},"excerpt":{"rendered":"<p>Stella \u00e4r v\u00e4ldigt gosig, upps\u00f6kande och social tjej. Hon \u00e4r f\u00f6dd 2023 och \u00e4r nyfiken i en strut. Hon \u00e4r v\u00e4ldigt alert och gillar att bli klappad. Att leka och jaga godisbitar \u00e4r superkul tycker hon.&nbsp; Stella ska flytta med sin kattkompis Luna. En trygg utevistelse n\u00e4r hon bott in sig. Alla katter som adopteras ut fr\u00e5n oss, ungkatt till vuxen, \u00e4r kastrerade (kattungar kastreras senare), ID-m\u00e4rkta\/registrerade och vaccinerade.<\/p>\n","protected":false},"author":42,"featured_media":9582,"comment_status":"closed","ping_status":"open","sticky":false,"template":"","format":"standard","meta":{"_acf_changed":false,"footnotes":""},"categories":[29],"tags":[],"class_list":["post-9581","post","type-post","status-publish","format-standard","has-post-thumbnail","hentry","category-adopterade-omplacerade-djur"],"acf":[],"_links":{"self":[{"href":"https:\/\/www.djurskyddet.se\/kristinehamn\/wp-json\/wp\/v2\/posts\/9581","targetHints":{"allow":["GET"]}}],"collection":[{"href":"https:\/\/www.djurskyddet.se\/kristinehamn\/wp-json\/wp\/v2\/posts"}],"about":[{"href":"https:\/\/www.djurskyddet.se\/kristinehamn\/wp-json\/wp\/v2\/types\/post"}],"author":[{"embeddable":true,"href":"https:\/\/www.djurskyddet.se\/kristinehamn\/wp-json\/wp\/v2\/users\/42"}],"replies":[{"embeddable":true,"href":"https:\/\/www.djurskyddet.se\/kristinehamn\/wp-json\/wp\/v2\/comments?post=9581"}],"version-history":[{"count":2,"href":"https:\/\/www.djurskyddet.se\/kristinehamn\/wp-json\/wp\/v2\/posts\/9581\/revisions"}],"predecessor-version":[{"id":9589,"href":"https:\/\/www.djurskyddet.se\/kristinehamn\/wp-json\/wp\/v2\/posts\/9581\/revisions\/9589"}],"wp:featuredmedia":[{"embeddable":true,"href":"https:\/\/www.djurskyddet.se\/kristinehamn\/wp-json\/wp\/v2\/media\/9582"}],"wp:attachment":[{"href":"https:\/\/www.djurskyddet.se\/kristinehamn\/wp-json\/wp\/v2\/media?parent=9581"}],"wp:term":[{"taxonomy":"category","embeddable":true,"href":"https:\/\/www.djurskyddet.se\/kristinehamn\/wp-json\/wp\/v2\/categories?post=9581"},{"taxonomy":"post_tag","embeddable":true,"href":"https:\/\/www.djurskyddet.se\/kristinehamn\/wp-json\/wp\/v2\/tags?post=9581"}],"curies":[{"name":"wp","href":"https:\/\/api.w.org\/{rel}","templated":true}]}}