{"id":9684,"date":"2025-01-05T22:04:01","date_gmt":"2025-01-05T22:04:01","guid":{"rendered":"https:\/\/www.djurskyddet.se\/kristinehamn\/?p=9684"},"modified":"2025-01-22T21:42:13","modified_gmt":"2025-01-22T21:42:13","slug":"marcella","status":"publish","type":"post","link":"https:\/\/www.djurskyddet.se\/kristinehamn\/adopterade-omplacerade-djur\/marcella\/","title":{"rendered":"Marcella har f\u00e5tt ett nytt hem!"},"content":{"rendered":"\n<p>Marcella, 3 \u00e5r, s\u00f6ker tillsammans med <a href=\"https:\/\/www.djurskyddet.se\/kristinehamn\/katter-soker-hem\/melina\/\"><mark style=\"background-color:#ffffff\" class=\"has-inline-color has-vivid-cyan-blue-color\">Melina<\/mark><\/a> sin nya familj.<\/p>\n\n\n\n<p>Marcella \u00e4r en mycket social och trevlig tjej. Hon kom till v\u00e5rt djurhem tillsammans med Melina p\u00e5 grund av \u00e4ndrade familjef\u00f6rh\u00e5llanden.<\/p>\n\n\n\n<p>De vill ha m\u00f6jlighet till utevistelse n\u00e4r de bott in sig och k\u00e4nner sig trygga.<\/p>\n\n\n\n<p>Alla katter som adopteras ut fr\u00e5n oss, ungkatt till vuxen, \u00e4r kastrerade (kattungar kastreras senare), ID-m\u00e4rkta\/registrerade och vaccinerade.<\/p>\n\n\n<div class=\"wp-block-image\">\n<figure class=\"aligncenter size-full is-resized\"><img loading=\"lazy\" decoding=\"async\" width=\"770\" height=\"1024\" src=\"https:\/\/www.djurskyddet.se\/kristinehamn\/wp-content\/uploads\/sites\/31\/2025\/01\/Marcella-adopterad.jpg\" alt=\"\" class=\"wp-image-9726\" style=\"width:421px;height:auto\" srcset=\"https:\/\/www.djurskyddet.se\/kristinehamn\/wp-content\/uploads\/sites\/31\/2025\/01\/Marcella-adopterad.jpg 770w, https:\/\/www.djurskyddet.se\/kristinehamn\/wp-content\/uploads\/sites\/31\/2025\/01\/Marcella-adopterad-226x300.jpg 226w, https:\/\/www.djurskyddet.se\/kristinehamn\/wp-content\/uploads\/sites\/31\/2025\/01\/Marcella-adopterad-768x1021.jpg 768w, https:\/\/www.djurskyddet.se\/kristinehamn\/wp-content\/uploads\/sites\/31\/2025\/01\/Marcella-adopterad-400x532.jpg 400w\" sizes=\"auto, (max-width: 770px) 100vw, 770px\" \/><\/figure><\/div>","protected":false},"excerpt":{"rendered":"<p>Marcella, 3 \u00e5r, s\u00f6ker tillsammans med Melina sin nya familj. Marcella \u00e4r en mycket social och trevlig tjej. Hon kom till v\u00e5rt djurhem tillsammans med Melina p\u00e5 grund av \u00e4ndrade familjef\u00f6rh\u00e5llanden. De vill ha m\u00f6jlighet till utevistelse n\u00e4r de bott in sig och k\u00e4nner sig trygga. Alla katter som adopteras ut fr\u00e5n oss, ungkatt till vuxen, \u00e4r kastrerade (kattungar kastreras senare), ID-m\u00e4rkta\/registrerade och vaccinerade.<\/p>\n","protected":false},"author":42,"featured_media":9685,"comment_status":"closed","ping_status":"open","sticky":false,"template":"","format":"standard","meta":{"_acf_changed":false,"footnotes":""},"categories":[29],"tags":[],"class_list":["post-9684","post","type-post","status-publish","format-standard","has-post-thumbnail","hentry","category-adopterade-omplacerade-djur"],"acf":[],"_links":{"self":[{"href":"https:\/\/www.djurskyddet.se\/kristinehamn\/wp-json\/wp\/v2\/posts\/9684","targetHints":{"allow":["GET"]}}],"collection":[{"href":"https:\/\/www.djurskyddet.se\/kristinehamn\/wp-json\/wp\/v2\/posts"}],"about":[{"href":"https:\/\/www.djurskyddet.se\/kristinehamn\/wp-json\/wp\/v2\/types\/post"}],"author":[{"embeddable":true,"href":"https:\/\/www.djurskyddet.se\/kristinehamn\/wp-json\/wp\/v2\/users\/42"}],"replies":[{"embeddable":true,"href":"https:\/\/www.djurskyddet.se\/kristinehamn\/wp-json\/wp\/v2\/comments?post=9684"}],"version-history":[{"count":3,"href":"https:\/\/www.djurskyddet.se\/kristinehamn\/wp-json\/wp\/v2\/posts\/9684\/revisions"}],"predecessor-version":[{"id":9727,"href":"https:\/\/www.djurskyddet.se\/kristinehamn\/wp-json\/wp\/v2\/posts\/9684\/revisions\/9727"}],"wp:featuredmedia":[{"embeddable":true,"href":"https:\/\/www.djurskyddet.se\/kristinehamn\/wp-json\/wp\/v2\/media\/9685"}],"wp:attachment":[{"href":"https:\/\/www.djurskyddet.se\/kristinehamn\/wp-json\/wp\/v2\/media?parent=9684"}],"wp:term":[{"taxonomy":"category","embeddable":true,"href":"https:\/\/www.djurskyddet.se\/kristinehamn\/wp-json\/wp\/v2\/categories?post=9684"},{"taxonomy":"post_tag","embeddable":true,"href":"https:\/\/www.djurskyddet.se\/kristinehamn\/wp-json\/wp\/v2\/tags?post=9684"}],"curies":[{"name":"wp","href":"https:\/\/api.w.org\/{rel}","templated":true}]}}