{"id":9741,"date":"2025-02-01T14:58:18","date_gmt":"2025-02-01T14:58:18","guid":{"rendered":"https:\/\/www.djurskyddet.se\/kristinehamn\/?p=9741"},"modified":"2025-02-12T10:41:16","modified_gmt":"2025-02-12T10:41:16","slug":"myran","status":"publish","type":"post","link":"https:\/\/www.djurskyddet.se\/kristinehamn\/adopterade-omplacerade-djur\/myran\/","title":{"rendered":"Myran har f\u00e5tt ett nytt hem!"},"content":{"rendered":"\n<div class=\"wp-block-group is-vertical is-layout-flex wp-container-core-group-is-layout-1 wp-block-group-is-layout-flex\">\n<p>S\u00f6ker jourhem eller Permanent hem&nbsp;<img loading=\"lazy\" decoding=\"async\" height=\"16\" width=\"16\" alt=\"\ud83d\udc95\" src=\"https:\/\/static.xx.fbcdn.net\/images\/emoji.php\/v9\/t68\/1\/16\/1f495.png\"><\/p>\n\n\n\n<p>Vi tv\u00e5 sm\u00e5 godingar vill g\u00e4rna komma till ett jourhem i v\u00e4ntan p\u00e5 ett f\u00f6r evigt hem!!<br>Sn\u00e4lla och gosiga sm\u00e5 tjejer!<\/p>\n\n\n\n<p>Tv\u00e5 sm\u00e5 systrar, 2 \u00e5r gamla s\u00f6ker nytt hem!<\/p>\n\n\n\n<p>Den svartvita heter Morran och \u00e4r en social och myssjuk hund.<\/p>\n\n\n\n<p>Den svarta heter Myran och gillar att busa och g\u00e4rna ligga i soffan o mysa.<\/p>\n\n\n\n<figure class=\"wp-block-image size-full is-resized\"><img loading=\"lazy\" decoding=\"async\" width=\"720\" height=\"900\" src=\"https:\/\/www.djurskyddet.se\/kristinehamn\/wp-content\/uploads\/sites\/31\/2025\/02\/Myran-adopterad.jpg\" alt=\"\" class=\"wp-image-9753\" style=\"width:629px;height:auto\" srcset=\"https:\/\/www.djurskyddet.se\/kristinehamn\/wp-content\/uploads\/sites\/31\/2025\/02\/Myran-adopterad.jpg 720w, https:\/\/www.djurskyddet.se\/kristinehamn\/wp-content\/uploads\/sites\/31\/2025\/02\/Myran-adopterad-240x300.jpg 240w, https:\/\/www.djurskyddet.se\/kristinehamn\/wp-content\/uploads\/sites\/31\/2025\/02\/Myran-adopterad-400x500.jpg 400w\" sizes=\"auto, (max-width: 720px) 100vw, 720px\" \/><\/figure>\n<\/div>\n","protected":false},"excerpt":{"rendered":"<p>S\u00f6ker jourhem eller Permanent hem&nbsp; Vi tv\u00e5 sm\u00e5 godingar vill g\u00e4rna komma till ett jourhem i v\u00e4ntan p\u00e5 ett f\u00f6r evigt hem!!Sn\u00e4lla och gosiga sm\u00e5 tjejer! Tv\u00e5 sm\u00e5 systrar, 2 \u00e5r gamla s\u00f6ker nytt hem! Den svartvita heter Morran och \u00e4r en social och myssjuk hund. Den svarta heter Myran och gillar att busa och g\u00e4rna ligga i soffan o mysa.<\/p>\n","protected":false},"author":56,"featured_media":9736,"comment_status":"closed","ping_status":"open","sticky":false,"template":"","format":"standard","meta":{"_acf_changed":false,"footnotes":""},"categories":[29],"tags":[],"class_list":["post-9741","post","type-post","status-publish","format-standard","has-post-thumbnail","hentry","category-adopterade-omplacerade-djur"],"acf":[],"_links":{"self":[{"href":"https:\/\/www.djurskyddet.se\/kristinehamn\/wp-json\/wp\/v2\/posts\/9741","targetHints":{"allow":["GET"]}}],"collection":[{"href":"https:\/\/www.djurskyddet.se\/kristinehamn\/wp-json\/wp\/v2\/posts"}],"about":[{"href":"https:\/\/www.djurskyddet.se\/kristinehamn\/wp-json\/wp\/v2\/types\/post"}],"author":[{"embeddable":true,"href":"https:\/\/www.djurskyddet.se\/kristinehamn\/wp-json\/wp\/v2\/users\/56"}],"replies":[{"embeddable":true,"href":"https:\/\/www.djurskyddet.se\/kristinehamn\/wp-json\/wp\/v2\/comments?post=9741"}],"version-history":[{"count":3,"href":"https:\/\/www.djurskyddet.se\/kristinehamn\/wp-json\/wp\/v2\/posts\/9741\/revisions"}],"predecessor-version":[{"id":9755,"href":"https:\/\/www.djurskyddet.se\/kristinehamn\/wp-json\/wp\/v2\/posts\/9741\/revisions\/9755"}],"wp:featuredmedia":[{"embeddable":true,"href":"https:\/\/www.djurskyddet.se\/kristinehamn\/wp-json\/wp\/v2\/media\/9736"}],"wp:attachment":[{"href":"https:\/\/www.djurskyddet.se\/kristinehamn\/wp-json\/wp\/v2\/media?parent=9741"}],"wp:term":[{"taxonomy":"category","embeddable":true,"href":"https:\/\/www.djurskyddet.se\/kristinehamn\/wp-json\/wp\/v2\/categories?post=9741"},{"taxonomy":"post_tag","embeddable":true,"href":"https:\/\/www.djurskyddet.se\/kristinehamn\/wp-json\/wp\/v2\/tags?post=9741"}],"curies":[{"name":"wp","href":"https:\/\/api.w.org\/{rel}","templated":true}]}}