{"id":9912,"date":"2025-05-22T08:22:25","date_gmt":"2025-05-22T08:22:25","guid":{"rendered":"https:\/\/www.djurskyddet.se\/kristinehamn\/?p=9912"},"modified":"2025-08-15T02:37:25","modified_gmt":"2025-08-15T02:37:25","slug":"ozzy","status":"publish","type":"post","link":"https:\/\/www.djurskyddet.se\/kristinehamn\/adopterade-omplacerade-djur\/ozzy\/","title":{"rendered":"Ozzy har f\u00e5tt ett nytt hem."},"content":{"rendered":"\n<p>Privat omplacering! <\/p>\n\n\n\n<p>H\u00e4r \u00e4r Ozzy 2 \u00e5r gammal i augusti, v\u00e4ger ca 25 kg och \u00e4r 55-60 cm h\u00f6g. Han \u00e4r vaccinera, kastrerad och f\u00f6rs\u00e4krad.<\/p>\n\n\n\n<p>Vi har haft Ozzy lite \u00f6ver 1 \u00e5r och v\u00e5rt liv g\u00e5r inte ihop l\u00e4ngre d\u00e5 vi har f\u00e5tt andra jobb och ingen kan rasta Ozzy. Ozzy \u00e4r lite skeptisk till nya m\u00e4nniskor men vi ser att potentialen finns hos honom att bli tryggare bara man jobbar mer med honom. Vi har inte den erfarenheten av den sortens hund som kr\u00e4ver lite mer tr\u00e4ning. Vi tog hem honom genom Tails Rescue och de vill ej hj\u00e4lpa oss efter s\u00e5 l\u00e5ng tid och vi visste ju inte vad vi skulle f\u00e5 hem f\u00f6r hund fr\u00e5n dom, vi s\u00e5g ju bara bilder och l\u00e4ste beskrivning. Det stod att han kunde bo med katter vilket \u00e4r ett m\u00e5ste d\u00e5 vi har 4 st, men han jagar dom s\u00e5 de blir stressade, s\u00e5 situationen \u00e4r ocks\u00e5 d\u00e4rf\u00f6r oh\u00e5llbar.<\/p>\n\n\n\n<p>Med Ozzy l\u00e4r man g\u00e5 f\u00f6rsiktigt fram s\u00e5 han f\u00e5r f\u00f6rtroende f\u00f6r personen, men l\u00e4r man k\u00e4nna honom \u00e4r han v\u00e4rldens gosigaste som \u00e4lskar att ligga n\u00e4ra i soffan och bli kliad. Beh\u00f6ver ni veta mer skicka Pm eller ring matte Marie p\u00e5073-6408642 eller Djurhemmet p\u00e5 0550-15155<\/p>\n\n\n\n<p><\/p>\n\n\n\n<p><\/p>\n","protected":false},"excerpt":{"rendered":"<p>Privat omplacering! H\u00e4r \u00e4r Ozzy 2 \u00e5r gammal i augusti, v\u00e4ger ca 25 kg och \u00e4r 55-60 cm h\u00f6g. Han \u00e4r vaccinera, kastrerad och f\u00f6rs\u00e4krad. Vi har haft Ozzy lite \u00f6ver 1 \u00e5r och v\u00e5rt liv g\u00e5r inte ihop l\u00e4ngre d\u00e5 vi har f\u00e5tt andra jobb och ingen kan rasta Ozzy. Ozzy \u00e4r lite skeptisk till nya m\u00e4nniskor men vi ser att potentialen finns hos honom att bli tryggare bara&hellip;<\/p>\n<p><a class=\"more-link\" href=\"https:\/\/www.djurskyddet.se\/kristinehamn\/adopterade-omplacerade-djur\/ozzy\/\" title=\"Continue reading &lsquo;Ozzy har f\u00e5tt ett nytt hem.&rsquo;\">L&auml;s mer<span class=\"meta-nav\">&raquo;<\/span><\/a><\/p>\n","protected":false},"author":56,"featured_media":9913,"comment_status":"closed","ping_status":"open","sticky":false,"template":"","format":"standard","meta":{"_acf_changed":false,"footnotes":""},"categories":[29],"tags":[],"class_list":["post-9912","post","type-post","status-publish","format-standard","has-post-thumbnail","hentry","category-adopterade-omplacerade-djur"],"acf":[],"_links":{"self":[{"href":"https:\/\/www.djurskyddet.se\/kristinehamn\/wp-json\/wp\/v2\/posts\/9912","targetHints":{"allow":["GET"]}}],"collection":[{"href":"https:\/\/www.djurskyddet.se\/kristinehamn\/wp-json\/wp\/v2\/posts"}],"about":[{"href":"https:\/\/www.djurskyddet.se\/kristinehamn\/wp-json\/wp\/v2\/types\/post"}],"author":[{"embeddable":true,"href":"https:\/\/www.djurskyddet.se\/kristinehamn\/wp-json\/wp\/v2\/users\/56"}],"replies":[{"embeddable":true,"href":"https:\/\/www.djurskyddet.se\/kristinehamn\/wp-json\/wp\/v2\/comments?post=9912"}],"version-history":[{"count":3,"href":"https:\/\/www.djurskyddet.se\/kristinehamn\/wp-json\/wp\/v2\/posts\/9912\/revisions"}],"predecessor-version":[{"id":9974,"href":"https:\/\/www.djurskyddet.se\/kristinehamn\/wp-json\/wp\/v2\/posts\/9912\/revisions\/9974"}],"wp:featuredmedia":[{"embeddable":true,"href":"https:\/\/www.djurskyddet.se\/kristinehamn\/wp-json\/wp\/v2\/media\/9913"}],"wp:attachment":[{"href":"https:\/\/www.djurskyddet.se\/kristinehamn\/wp-json\/wp\/v2\/media?parent=9912"}],"wp:term":[{"taxonomy":"category","embeddable":true,"href":"https:\/\/www.djurskyddet.se\/kristinehamn\/wp-json\/wp\/v2\/categories?post=9912"},{"taxonomy":"post_tag","embeddable":true,"href":"https:\/\/www.djurskyddet.se\/kristinehamn\/wp-json\/wp\/v2\/tags?post=9912"}],"curies":[{"name":"wp","href":"https:\/\/api.w.org\/{rel}","templated":true}]}}