{"id":10268,"date":"2024-02-07T19:03:44","date_gmt":"2024-02-07T19:03:44","guid":{"rendered":"https:\/\/www.djurskyddet.se\/landskrona\/?p=10268"},"modified":"2024-03-29T16:19:14","modified_gmt":"2024-03-29T16:19:14","slug":"otto","status":"publish","type":"post","link":"https:\/\/www.djurskyddet.se\/landskrona\/senaste-nytt\/otto\/","title":{"rendered":"Otto"},"content":{"rendered":"\n<figure class=\"wp-block-image size-medium\"><img loading=\"lazy\" decoding=\"async\" width=\"208\" height=\"300\" src=\"https:\/\/www.djurskyddet.se\/landskrona\/wp-content\/uploads\/sites\/22\/2024\/02\/Otto-ny-1-208x300.jpg\" alt=\"\" class=\"wp-image-10271\" srcset=\"https:\/\/www.djurskyddet.se\/landskrona\/wp-content\/uploads\/sites\/22\/2024\/02\/Otto-ny-1-208x300.jpg 208w, https:\/\/www.djurskyddet.se\/landskrona\/wp-content\/uploads\/sites\/22\/2024\/02\/Otto-ny-1-400x578.jpg 400w, https:\/\/www.djurskyddet.se\/landskrona\/wp-content\/uploads\/sites\/22\/2024\/02\/Otto-ny-1.jpg 580w\" sizes=\"auto, (max-width: 208px) 100vw, 208px\" \/><\/figure>\n\n\n\n<p class=\"has-background\" style=\"background-color:#def5cf\">Lilla s\u00f6ta Otto har hittat sitt f\u00f6ralltidhem! Lycka till lillkillen! ?<\/p>\n\n\n\n<p> Jag heter Otto och \u00e4r ca 10 m\u00e5nader gammal. Jag \u00e4r en liten katt, men l\u00e5t inte storleken lura dig. Jag \u00e4r en modig kille som g\u00e4rna utforskar mina omgivningar. Att sitta i f\u00f6nstret och sk\u00e5da eller att titta p\u00e5 tv \u00e4r n\u00e5gra av mina favoritsyssels\u00e4ttningar.<\/p>\n\n\n\n<pre class=\"wp-block-verse\"><\/pre>\n\n\n\n<p>Jag \u00e4r uppvuxen med andra katter och gillar att mysa med mina kattkompisar. M\u00e4nniskor \u00e4r jag ocks\u00e5 van vid men har inte fullst\u00e4ndig tilltro till dem \u00e4n \u00e4ven om jag tycker att det \u00e4r helt okej att de klappar mig. Jag anpassar mig mig snabbt till nya situationer och m\u00e4nniskor. Jag \u00e4r lugn av mig men gillar att prata med alla som \u00e4r runtomkring mig.<\/p>\n\n\n\n<pre class=\"wp-block-verse\"><\/pre>\n\n\n\n<p><strong>Otto<\/strong> \u00e4r:<\/p>\n\n\n\n<p>? Kastrerad<\/p>\n\n\n\n<p>? Chipm\u00e4rkt<\/p>\n\n\n\n<p>? Vaccinerad<\/p>\n\n\n\n<pre class=\"wp-block-verse\"><\/pre>\n\n\n\n<p>Adoptionsavgift: 1800:-<\/p>\n\n\n\n<pre class=\"wp-block-verse\"><\/pre>\n\n\n\n<p>\u00c4r&nbsp;<strong>Otto<\/strong>&nbsp;katten f\u00f6r dig? Skicka in din intresseanm\u00e4lan till oss! \u2b07\ufe0f<\/p>\n","protected":false},"excerpt":{"rendered":"<p>Lilla s\u00f6ta Otto har hittat sitt f\u00f6ralltidhem! Lycka till lillkillen! ? Jag heter Otto och \u00e4r ca 10 m\u00e5nader gammal. Jag \u00e4r en liten katt, men l\u00e5t inte storleken lura dig. Jag \u00e4r en modig kille som g\u00e4rna utforskar mina omgivningar. Att sitta i f\u00f6nstret och sk\u00e5da eller att titta p\u00e5 tv \u00e4r n\u00e5gra av mina favoritsyssels\u00e4ttningar. Jag \u00e4r uppvuxen med andra katter och gillar att mysa med mina kattkompisar.&hellip;<\/p>\n<p><a class=\"more-link\" href=\"https:\/\/www.djurskyddet.se\/landskrona\/senaste-nytt\/otto\/\" title=\"Continue reading &lsquo;Otto&rsquo;\">L&auml;s mer<span class=\"meta-nav\">&raquo;<\/span><\/a><\/p>\n","protected":false},"author":27,"featured_media":10271,"comment_status":"closed","ping_status":"open","sticky":false,"template":"","format":"standard","meta":{"_acf_changed":false,"footnotes":""},"categories":[18],"tags":[],"class_list":["post-10268","post","type-post","status-publish","format-standard","has-post-thumbnail","hentry","category-senaste-nytt"],"acf":[],"_links":{"self":[{"href":"https:\/\/www.djurskyddet.se\/landskrona\/wp-json\/wp\/v2\/posts\/10268","targetHints":{"allow":["GET"]}}],"collection":[{"href":"https:\/\/www.djurskyddet.se\/landskrona\/wp-json\/wp\/v2\/posts"}],"about":[{"href":"https:\/\/www.djurskyddet.se\/landskrona\/wp-json\/wp\/v2\/types\/post"}],"author":[{"embeddable":true,"href":"https:\/\/www.djurskyddet.se\/landskrona\/wp-json\/wp\/v2\/users\/27"}],"replies":[{"embeddable":true,"href":"https:\/\/www.djurskyddet.se\/landskrona\/wp-json\/wp\/v2\/comments?post=10268"}],"version-history":[{"count":9,"href":"https:\/\/www.djurskyddet.se\/landskrona\/wp-json\/wp\/v2\/posts\/10268\/revisions"}],"predecessor-version":[{"id":10644,"href":"https:\/\/www.djurskyddet.se\/landskrona\/wp-json\/wp\/v2\/posts\/10268\/revisions\/10644"}],"wp:featuredmedia":[{"embeddable":true,"href":"https:\/\/www.djurskyddet.se\/landskrona\/wp-json\/wp\/v2\/media\/10271"}],"wp:attachment":[{"href":"https:\/\/www.djurskyddet.se\/landskrona\/wp-json\/wp\/v2\/media?parent=10268"}],"wp:term":[{"taxonomy":"category","embeddable":true,"href":"https:\/\/www.djurskyddet.se\/landskrona\/wp-json\/wp\/v2\/categories?post=10268"},{"taxonomy":"post_tag","embeddable":true,"href":"https:\/\/www.djurskyddet.se\/landskrona\/wp-json\/wp\/v2\/tags?post=10268"}],"curies":[{"name":"wp","href":"https:\/\/api.w.org\/{rel}","templated":true}]}}