{"id":10346,"date":"2024-02-19T12:26:49","date_gmt":"2024-02-19T12:26:49","guid":{"rendered":"https:\/\/www.djurskyddet.se\/landskrona\/?p=10346"},"modified":"2024-03-03T07:48:38","modified_gmt":"2024-03-03T07:48:38","slug":"karamell","status":"publish","type":"post","link":"https:\/\/www.djurskyddet.se\/landskrona\/senaste-nytt\/karamell\/","title":{"rendered":"Karamell"},"content":{"rendered":"\n<figure class=\"wp-block-image size-medium\"><img loading=\"lazy\" decoding=\"async\" width=\"279\" height=\"300\" src=\"https:\/\/www.djurskyddet.se\/landskrona\/wp-content\/uploads\/sites\/22\/2024\/02\/Karamell-279x300.jpg\" alt=\"\" class=\"wp-image-10348\" srcset=\"https:\/\/www.djurskyddet.se\/landskrona\/wp-content\/uploads\/sites\/22\/2024\/02\/Karamell-279x300.jpg 279w, https:\/\/www.djurskyddet.se\/landskrona\/wp-content\/uploads\/sites\/22\/2024\/02\/Karamell-768x826.jpg 768w, https:\/\/www.djurskyddet.se\/landskrona\/wp-content\/uploads\/sites\/22\/2024\/02\/Karamell-400x430.jpg 400w, https:\/\/www.djurskyddet.se\/landskrona\/wp-content\/uploads\/sites\/22\/2024\/02\/Karamell.jpg 952w\" sizes=\"auto, (max-width: 279px) 100vw, 279px\" \/><\/figure>\n\n\n\n<p class=\"has-background\" style=\"background-color:#def5cd\">S\u00f6ta fina Karamell har hittat sitt f\u00f6ralltidhem! Lycka till! ?<\/p>\n\n\n\n<p>Jag heter Karamell och \u00e4r en kille p\u00e5 snart 1 \u00e5r. Jag \u00e4lskar att vara aktiv och \u00e4r v\u00e4ldigt nyfiken av mig s\u00e5 jag f\u00f6rs\u00f6ker unders\u00f6ka det mesta. <\/p>\n\n\n\n<p>Min favoritleksak \u00e4r bollar, men jag gillar \u00e4ven att kl\u00e4ttra. Jag \u00e4lskar v\u00e4rme och \u00e4r en v\u00e4ldigt pratglad och fram\u00e5t kille.<\/p>\n\n\n\n<p>Jag tycker att det \u00e4r roligt att leka med andra aktiva katter och hundar \u00e4r jag ocks\u00e5 van vid.<\/p>\n\n\n\n<pre class=\"wp-block-verse\"><\/pre>\n\n\n\n<p><strong>Karamell<\/strong> \u00e4r: <\/p>\n\n\n\n<p>? Kastrerad<\/p>\n\n\n\n<p>? Chipm\u00e4rkt<\/p>\n\n\n\n<p>? Vaccinerad<\/p>\n\n\n\n<pre class=\"wp-block-verse\"><\/pre>\n\n\n\n<p>Adoptionspris: 1800:-<\/p>\n\n\n\n<pre class=\"wp-block-verse\"><\/pre>\n\n\n\n<p>\u00c4r&nbsp;<strong>Karamell<\/strong>&nbsp;katten f\u00f6r dig? Skicka in din intresseanm\u00e4lan till oss! \u2b07\ufe0f<\/p>\n","protected":false},"excerpt":{"rendered":"<p>S\u00f6ta fina Karamell har hittat sitt f\u00f6ralltidhem! Lycka till! ? Jag heter Karamell och \u00e4r en kille p\u00e5 snart 1 \u00e5r. Jag \u00e4lskar att vara aktiv och \u00e4r v\u00e4ldigt nyfiken av mig s\u00e5 jag f\u00f6rs\u00f6ker unders\u00f6ka det mesta. Min favoritleksak \u00e4r bollar, men jag gillar \u00e4ven att kl\u00e4ttra. Jag \u00e4lskar v\u00e4rme och \u00e4r en v\u00e4ldigt pratglad och fram\u00e5t kille. Jag tycker att det \u00e4r roligt att leka med andra aktiva&hellip;<\/p>\n<p><a class=\"more-link\" href=\"https:\/\/www.djurskyddet.se\/landskrona\/senaste-nytt\/karamell\/\" title=\"Continue reading &lsquo;Karamell&rsquo;\">L&auml;s mer<span class=\"meta-nav\">&raquo;<\/span><\/a><\/p>\n","protected":false},"author":27,"featured_media":10348,"comment_status":"closed","ping_status":"open","sticky":false,"template":"","format":"standard","meta":{"_acf_changed":false,"footnotes":""},"categories":[18],"tags":[],"class_list":["post-10346","post","type-post","status-publish","format-standard","has-post-thumbnail","hentry","category-senaste-nytt"],"acf":[],"_links":{"self":[{"href":"https:\/\/www.djurskyddet.se\/landskrona\/wp-json\/wp\/v2\/posts\/10346","targetHints":{"allow":["GET"]}}],"collection":[{"href":"https:\/\/www.djurskyddet.se\/landskrona\/wp-json\/wp\/v2\/posts"}],"about":[{"href":"https:\/\/www.djurskyddet.se\/landskrona\/wp-json\/wp\/v2\/types\/post"}],"author":[{"embeddable":true,"href":"https:\/\/www.djurskyddet.se\/landskrona\/wp-json\/wp\/v2\/users\/27"}],"replies":[{"embeddable":true,"href":"https:\/\/www.djurskyddet.se\/landskrona\/wp-json\/wp\/v2\/comments?post=10346"}],"version-history":[{"count":2,"href":"https:\/\/www.djurskyddet.se\/landskrona\/wp-json\/wp\/v2\/posts\/10346\/revisions"}],"predecessor-version":[{"id":10552,"href":"https:\/\/www.djurskyddet.se\/landskrona\/wp-json\/wp\/v2\/posts\/10346\/revisions\/10552"}],"wp:featuredmedia":[{"embeddable":true,"href":"https:\/\/www.djurskyddet.se\/landskrona\/wp-json\/wp\/v2\/media\/10348"}],"wp:attachment":[{"href":"https:\/\/www.djurskyddet.se\/landskrona\/wp-json\/wp\/v2\/media?parent=10346"}],"wp:term":[{"taxonomy":"category","embeddable":true,"href":"https:\/\/www.djurskyddet.se\/landskrona\/wp-json\/wp\/v2\/categories?post=10346"},{"taxonomy":"post_tag","embeddable":true,"href":"https:\/\/www.djurskyddet.se\/landskrona\/wp-json\/wp\/v2\/tags?post=10346"}],"curies":[{"name":"wp","href":"https:\/\/api.w.org\/{rel}","templated":true}]}}