{"id":10412,"date":"2024-02-19T14:50:15","date_gmt":"2024-02-19T14:50:15","guid":{"rendered":"https:\/\/www.djurskyddet.se\/landskrona\/?p=10412"},"modified":"2024-03-16T07:32:23","modified_gmt":"2024-03-16T07:32:23","slug":"solveig","status":"publish","type":"post","link":"https:\/\/www.djurskyddet.se\/landskrona\/senaste-nytt\/solveig\/","title":{"rendered":"Solveig"},"content":{"rendered":"\n<pre class=\"wp-block-verse\"><\/pre>\n\n\n\n<figure class=\"wp-block-image size-medium\"><img loading=\"lazy\" decoding=\"async\" width=\"268\" height=\"300\" src=\"https:\/\/www.djurskyddet.se\/landskrona\/wp-content\/uploads\/sites\/22\/2024\/03\/Solveig-268x300.jpg\" alt=\"\" class=\"wp-image-10603\" srcset=\"https:\/\/www.djurskyddet.se\/landskrona\/wp-content\/uploads\/sites\/22\/2024\/03\/Solveig-268x300.jpg 268w, https:\/\/www.djurskyddet.se\/landskrona\/wp-content\/uploads\/sites\/22\/2024\/03\/Solveig-768x859.jpg 768w, https:\/\/www.djurskyddet.se\/landskrona\/wp-content\/uploads\/sites\/22\/2024\/03\/Solveig-400x447.jpg 400w, https:\/\/www.djurskyddet.se\/landskrona\/wp-content\/uploads\/sites\/22\/2024\/03\/Solveig.jpg 887w\" sizes=\"auto, (max-width: 268px) 100vw, 268px\" \/><\/figure>\n\n\n\n<p class=\"has-background\" style=\"background-color:#def5cf\">S\u00f6ta goa Solveig har blivit adopterad av sitt jourhem och har nu hittat sitt f\u00f6ralltidhem! ?<\/p>\n\n\n\n<p>Jag heter Solveig och \u00e4r en h\u00e4rlig tjej p\u00e5 snart ett \u00e5r. Jourhemmet jag bor i s\u00e4ger att \u00e4r en helt underbar katt som \u00e4r v\u00e4ldigt sn\u00e4ll och social. <\/p>\n\n\n\n<p>Jag f\u00f6ljer g\u00e4rna efter m\u00e4nniskorna i jourhemmet och det b\u00e4sta av allt \u00e4r n\u00e4r vi ska l\u00e4gga oss&#8230;.d\u00e5 kryper jag g\u00e4rna ner under t\u00e4cket och myser. N\u00e4r m\u00e4nniskorna sitter och tittar p\u00e5 tv passar jag g\u00e4rna p\u00e5 att krypa upp bredvid dem eller l\u00e4gger mig i deras kn\u00e4.<\/p>\n\n\n\n<p><\/p>\n\n\n\n<p>Favoritleksakerna \u00e4r nog sm\u00e5 fiskar och m\u00f6ss som jag g\u00e4rna b\u00e4r runt p\u00e5 och det kan h\u00e4nda att jag g\u00e5r och l\u00e4gger dem i s\u00e4ngen f\u00f6r att visa mitt &#8221;byte&#8221;. Jag gillar \u00e4ven s\u00e5klart att leka och kl\u00e4ttra i kattr\u00e4det.<\/p>\n\n\n\n<pre class=\"wp-block-verse\"><\/pre>\n\n\n\n<p><strong>Solveig<\/strong> \u00e4r:<\/p>\n\n\n\n<p>? Kastrerad<\/p>\n\n\n\n<p>? Chipm\u00e4rkt<\/p>\n\n\n\n<p>? Vaccinerad<\/p>\n\n\n\n<pre class=\"wp-block-verse\"><\/pre>\n\n\n\n<p>Adoptionsavgift: 1800:-<\/p>\n\n\n\n<pre class=\"wp-block-verse\"><\/pre>\n\n\n\n<p>\u00c4r&nbsp;<strong>Solveig<\/strong>&nbsp;katten f\u00f6r dig? Skicka in din intresseanm\u00e4lan till oss! \u2b07\ufe0f<\/p>\n","protected":false},"excerpt":{"rendered":"<p>S\u00f6ta goa Solveig har blivit adopterad av sitt jourhem och har nu hittat sitt f\u00f6ralltidhem! ? Jag heter Solveig och \u00e4r en h\u00e4rlig tjej p\u00e5 snart ett \u00e5r. Jourhemmet jag bor i s\u00e4ger att \u00e4r en helt underbar katt som \u00e4r v\u00e4ldigt sn\u00e4ll och social. Jag f\u00f6ljer g\u00e4rna efter m\u00e4nniskorna i jourhemmet och det b\u00e4sta av allt \u00e4r n\u00e4r vi ska l\u00e4gga oss&#8230;.d\u00e5 kryper jag g\u00e4rna ner under t\u00e4cket och&hellip;<\/p>\n<p><a class=\"more-link\" href=\"https:\/\/www.djurskyddet.se\/landskrona\/senaste-nytt\/solveig\/\" title=\"Continue reading &lsquo;Solveig&rsquo;\">L&auml;s mer<span class=\"meta-nav\">&raquo;<\/span><\/a><\/p>\n","protected":false},"author":27,"featured_media":10414,"comment_status":"closed","ping_status":"open","sticky":false,"template":"","format":"standard","meta":{"_acf_changed":false,"footnotes":""},"categories":[18],"tags":[],"class_list":["post-10412","post","type-post","status-publish","format-standard","has-post-thumbnail","hentry","category-senaste-nytt"],"acf":[],"_links":{"self":[{"href":"https:\/\/www.djurskyddet.se\/landskrona\/wp-json\/wp\/v2\/posts\/10412","targetHints":{"allow":["GET"]}}],"collection":[{"href":"https:\/\/www.djurskyddet.se\/landskrona\/wp-json\/wp\/v2\/posts"}],"about":[{"href":"https:\/\/www.djurskyddet.se\/landskrona\/wp-json\/wp\/v2\/types\/post"}],"author":[{"embeddable":true,"href":"https:\/\/www.djurskyddet.se\/landskrona\/wp-json\/wp\/v2\/users\/27"}],"replies":[{"embeddable":true,"href":"https:\/\/www.djurskyddet.se\/landskrona\/wp-json\/wp\/v2\/comments?post=10412"}],"version-history":[{"count":5,"href":"https:\/\/www.djurskyddet.se\/landskrona\/wp-json\/wp\/v2\/posts\/10412\/revisions"}],"predecessor-version":[{"id":10605,"href":"https:\/\/www.djurskyddet.se\/landskrona\/wp-json\/wp\/v2\/posts\/10412\/revisions\/10605"}],"wp:featuredmedia":[{"embeddable":true,"href":"https:\/\/www.djurskyddet.se\/landskrona\/wp-json\/wp\/v2\/media\/10414"}],"wp:attachment":[{"href":"https:\/\/www.djurskyddet.se\/landskrona\/wp-json\/wp\/v2\/media?parent=10412"}],"wp:term":[{"taxonomy":"category","embeddable":true,"href":"https:\/\/www.djurskyddet.se\/landskrona\/wp-json\/wp\/v2\/categories?post=10412"},{"taxonomy":"post_tag","embeddable":true,"href":"https:\/\/www.djurskyddet.se\/landskrona\/wp-json\/wp\/v2\/tags?post=10412"}],"curies":[{"name":"wp","href":"https:\/\/api.w.org\/{rel}","templated":true}]}}