{"id":10542,"date":"2024-02-22T13:48:51","date_gmt":"2024-02-22T13:48:51","guid":{"rendered":"https:\/\/www.djurskyddet.se\/landskrona\/?p=10542"},"modified":"2024-04-06T07:34:10","modified_gmt":"2024-04-06T07:34:10","slug":"benji","status":"publish","type":"post","link":"https:\/\/www.djurskyddet.se\/landskrona\/senaste-nytt\/benji\/","title":{"rendered":"Benji"},"content":{"rendered":"\n<figure class=\"wp-block-image size-full\"><img loading=\"lazy\" decoding=\"async\" width=\"1024\" height=\"576\" src=\"https:\/\/www.djurskyddet.se\/landskrona\/wp-content\/uploads\/sites\/22\/2024\/02\/Benji.jpg\" alt=\"\" class=\"wp-image-10543\" srcset=\"https:\/\/www.djurskyddet.se\/landskrona\/wp-content\/uploads\/sites\/22\/2024\/02\/Benji.jpg 1024w, https:\/\/www.djurskyddet.se\/landskrona\/wp-content\/uploads\/sites\/22\/2024\/02\/Benji-300x169.jpg 300w, https:\/\/www.djurskyddet.se\/landskrona\/wp-content\/uploads\/sites\/22\/2024\/02\/Benji-768x432.jpg 768w, https:\/\/www.djurskyddet.se\/landskrona\/wp-content\/uploads\/sites\/22\/2024\/02\/Benji-400x225.jpg 400w\" sizes=\"auto, (max-width: 1024px) 100vw, 1024px\" \/><\/figure>\n\n\n\n<p class=\"has-background\" style=\"background-color:#def5cf\">Vackra Benji har nu f\u00e5tt komma till sitt f\u00f6ralltidhem! Lycka till v\u00e4nnen! ?<\/p>\n\n\n\n<p>Jag heter Benji och \u00e4r snart 1 \u00e5r gammal. Jourhemmet som jag bor i s\u00e4ger att jag \u00e4r en glad, sprallig och v\u00e4ldigt nyfiken katt. Jag \u00e4lskar att kela och vill g\u00e4rna vara med \u00f6verallt.<\/p>\n\n\n\n<p>Hade det g\u00e5tt hade du g\u00e4rna f\u00e5tt kela med mig hela dagen l\u00e5ng. Jag bara \u00e4lskar att krypa upp i ditt kn\u00e4 och ligga d\u00e4r och mysa.<\/p>\n\n\n\n<pre class=\"wp-block-verse\"><\/pre>\n\n\n\n<p><strong>Benji<\/strong> \u00e4r:<\/p>\n\n\n\n<p>? Kastrerad<\/p>\n\n\n\n<p>? Chipm\u00e4rkt<\/p>\n\n\n\n<p>? Vaccinerad<\/p>\n\n\n\n<pre class=\"wp-block-verse\"><\/pre>\n\n\n\n<p>Adoptionsavgift: 1800:-<\/p>\n\n\n\n<pre class=\"wp-block-verse\"><\/pre>\n\n\n\n<p>\u00c4r <strong>Benji<\/strong> katten f\u00f6r dig? Skicka in din intresseanm\u00e4lan till oss! \u2b07\ufe0f<\/p>\n","protected":false},"excerpt":{"rendered":"<p>Vackra Benji har nu f\u00e5tt komma till sitt f\u00f6ralltidhem! Lycka till v\u00e4nnen! ? Jag heter Benji och \u00e4r snart 1 \u00e5r gammal. Jourhemmet som jag bor i s\u00e4ger att jag \u00e4r en glad, sprallig och v\u00e4ldigt nyfiken katt. Jag \u00e4lskar att kela och vill g\u00e4rna vara med \u00f6verallt. Hade det g\u00e5tt hade du g\u00e4rna f\u00e5tt kela med mig hela dagen l\u00e5ng. Jag bara \u00e4lskar att krypa upp i ditt kn\u00e4&hellip;<\/p>\n<p><a class=\"more-link\" href=\"https:\/\/www.djurskyddet.se\/landskrona\/senaste-nytt\/benji\/\" title=\"Continue reading &lsquo;Benji&rsquo;\">L&auml;s mer<span class=\"meta-nav\">&raquo;<\/span><\/a><\/p>\n","protected":false},"author":27,"featured_media":10543,"comment_status":"closed","ping_status":"open","sticky":false,"template":"","format":"standard","meta":{"_acf_changed":false,"footnotes":""},"categories":[18],"tags":[],"class_list":["post-10542","post","type-post","status-publish","format-standard","has-post-thumbnail","hentry","category-senaste-nytt"],"acf":[],"_links":{"self":[{"href":"https:\/\/www.djurskyddet.se\/landskrona\/wp-json\/wp\/v2\/posts\/10542","targetHints":{"allow":["GET"]}}],"collection":[{"href":"https:\/\/www.djurskyddet.se\/landskrona\/wp-json\/wp\/v2\/posts"}],"about":[{"href":"https:\/\/www.djurskyddet.se\/landskrona\/wp-json\/wp\/v2\/types\/post"}],"author":[{"embeddable":true,"href":"https:\/\/www.djurskyddet.se\/landskrona\/wp-json\/wp\/v2\/users\/27"}],"replies":[{"embeddable":true,"href":"https:\/\/www.djurskyddet.se\/landskrona\/wp-json\/wp\/v2\/comments?post=10542"}],"version-history":[{"count":3,"href":"https:\/\/www.djurskyddet.se\/landskrona\/wp-json\/wp\/v2\/posts\/10542\/revisions"}],"predecessor-version":[{"id":10666,"href":"https:\/\/www.djurskyddet.se\/landskrona\/wp-json\/wp\/v2\/posts\/10542\/revisions\/10666"}],"wp:featuredmedia":[{"embeddable":true,"href":"https:\/\/www.djurskyddet.se\/landskrona\/wp-json\/wp\/v2\/media\/10543"}],"wp:attachment":[{"href":"https:\/\/www.djurskyddet.se\/landskrona\/wp-json\/wp\/v2\/media?parent=10542"}],"wp:term":[{"taxonomy":"category","embeddable":true,"href":"https:\/\/www.djurskyddet.se\/landskrona\/wp-json\/wp\/v2\/categories?post=10542"},{"taxonomy":"post_tag","embeddable":true,"href":"https:\/\/www.djurskyddet.se\/landskrona\/wp-json\/wp\/v2\/tags?post=10542"}],"curies":[{"name":"wp","href":"https:\/\/api.w.org\/{rel}","templated":true}]}}