{"id":10595,"date":"2024-03-16T07:20:20","date_gmt":"2024-03-16T07:20:20","guid":{"rendered":"https:\/\/www.djurskyddet.se\/landskrona\/?p=10595"},"modified":"2024-04-21T13:42:31","modified_gmt":"2024-04-21T13:42:31","slug":"minou-2","status":"publish","type":"post","link":"https:\/\/www.djurskyddet.se\/landskrona\/senaste-nytt\/minou-2\/","title":{"rendered":"Minou"},"content":{"rendered":"\n<figure class=\"wp-block-image size-medium\"><img loading=\"lazy\" decoding=\"async\" width=\"300\" height=\"225\" src=\"https:\/\/www.djurskyddet.se\/landskrona\/wp-content\/uploads\/sites\/22\/2024\/03\/Minou-300x225.jpg\" alt=\"\" class=\"wp-image-10598\" srcset=\"https:\/\/www.djurskyddet.se\/landskrona\/wp-content\/uploads\/sites\/22\/2024\/03\/Minou-300x225.jpg 300w, https:\/\/www.djurskyddet.se\/landskrona\/wp-content\/uploads\/sites\/22\/2024\/03\/Minou-768x576.jpg 768w, https:\/\/www.djurskyddet.se\/landskrona\/wp-content\/uploads\/sites\/22\/2024\/03\/Minou-400x300.jpg 400w, https:\/\/www.djurskyddet.se\/landskrona\/wp-content\/uploads\/sites\/22\/2024\/03\/Minou.jpg 1024w\" sizes=\"auto, (max-width: 300px) 100vw, 300px\" \/><\/figure>\n\n\n\n<p class=\"has-background\" style=\"background-color:#def5cf\">Fina Minou har hittat sitt f\u00f6ralltidhem! Lycka till! ?<\/p>\n\n\n\n<p><\/p>\n\n\n\n<p>Jag heter Minou och \u00e4r en tjej p\u00e5 3 \u00e5r. Jag \u00e4r en korsning mellan Norsk skogskatt och Maine coon. Med tanke p\u00e5 vilka raser jag \u00e4r korsad med s\u00e5 kr\u00e4ver min p\u00e4ls en del p\u00e4lsv\u00e5rd.<\/p>\n\n\n\n<p>Jag \u00e4r lite f\u00f6rsiktig av mig och ganska s\u00e5 lugn. \u00c4r van vid att vara innekatt med tillg\u00e5ng till vistelse i uterum. Kan \u00e4ven g\u00e5 ut i koppel.<\/p>\n\n\n\n<p>Jag vill g\u00e4rna vara ensamkatt. Men kan flytta tillsammans med min kompis KitKat.<\/p>\n\n\n\n<pre class=\"wp-block-verse\"><\/pre>\n\n\n\n<p><strong>Minou<\/strong> \u00e4r: <\/p>\n\n\n\n<p>? Kastrerad<\/p>\n\n\n\n<p>? Chipm\u00e4rkt<\/p>\n\n\n\n<p>? Vaccinerad<\/p>\n\n\n\n<p>? Vill vara ensamkatt (kan flytta tillsammans med KitKat)<\/p>\n\n\n\n<pre class=\"wp-block-verse\"><\/pre>\n\n\n\n<p>Adoptionsavgift: 1800:-<\/p>\n\n\n\n<pre class=\"wp-block-verse\"><\/pre>\n\n\n\n<p>\u00c4r&nbsp;<strong>Minou<\/strong>&nbsp;katten f\u00f6r dig? Skicka in din intresseanm\u00e4lan till oss! \u2b07\ufe0f<\/p>\n","protected":false},"excerpt":{"rendered":"<p>Fina Minou har hittat sitt f\u00f6ralltidhem! Lycka till! ? Jag heter Minou och \u00e4r en tjej p\u00e5 3 \u00e5r. Jag \u00e4r en korsning mellan Norsk skogskatt och Maine coon. Med tanke p\u00e5 vilka raser jag \u00e4r korsad med s\u00e5 kr\u00e4ver min p\u00e4ls en del p\u00e4lsv\u00e5rd. Jag \u00e4r lite f\u00f6rsiktig av mig och ganska s\u00e5 lugn. \u00c4r van vid att vara innekatt med tillg\u00e5ng till vistelse i uterum. Kan \u00e4ven g\u00e5&hellip;<\/p>\n<p><a class=\"more-link\" href=\"https:\/\/www.djurskyddet.se\/landskrona\/senaste-nytt\/minou-2\/\" title=\"Continue reading &lsquo;Minou&rsquo;\">L&auml;s mer<span class=\"meta-nav\">&raquo;<\/span><\/a><\/p>\n","protected":false},"author":27,"featured_media":0,"comment_status":"closed","ping_status":"open","sticky":false,"template":"","format":"standard","meta":{"_acf_changed":false,"footnotes":""},"categories":[18],"tags":[],"class_list":["post-10595","post","type-post","status-publish","format-standard","hentry","category-senaste-nytt"],"acf":[],"_links":{"self":[{"href":"https:\/\/www.djurskyddet.se\/landskrona\/wp-json\/wp\/v2\/posts\/10595","targetHints":{"allow":["GET"]}}],"collection":[{"href":"https:\/\/www.djurskyddet.se\/landskrona\/wp-json\/wp\/v2\/posts"}],"about":[{"href":"https:\/\/www.djurskyddet.se\/landskrona\/wp-json\/wp\/v2\/types\/post"}],"author":[{"embeddable":true,"href":"https:\/\/www.djurskyddet.se\/landskrona\/wp-json\/wp\/v2\/users\/27"}],"replies":[{"embeddable":true,"href":"https:\/\/www.djurskyddet.se\/landskrona\/wp-json\/wp\/v2\/comments?post=10595"}],"version-history":[{"count":5,"href":"https:\/\/www.djurskyddet.se\/landskrona\/wp-json\/wp\/v2\/posts\/10595\/revisions"}],"predecessor-version":[{"id":10712,"href":"https:\/\/www.djurskyddet.se\/landskrona\/wp-json\/wp\/v2\/posts\/10595\/revisions\/10712"}],"wp:attachment":[{"href":"https:\/\/www.djurskyddet.se\/landskrona\/wp-json\/wp\/v2\/media?parent=10595"}],"wp:term":[{"taxonomy":"category","embeddable":true,"href":"https:\/\/www.djurskyddet.se\/landskrona\/wp-json\/wp\/v2\/categories?post=10595"},{"taxonomy":"post_tag","embeddable":true,"href":"https:\/\/www.djurskyddet.se\/landskrona\/wp-json\/wp\/v2\/tags?post=10595"}],"curies":[{"name":"wp","href":"https:\/\/api.w.org\/{rel}","templated":true}]}}