{"id":10678,"date":"2024-04-06T08:47:07","date_gmt":"2024-04-06T08:47:07","guid":{"rendered":"https:\/\/www.djurskyddet.se\/landskrona\/?p=10678"},"modified":"2024-05-05T17:42:00","modified_gmt":"2024-05-05T17:42:00","slug":"zack","status":"publish","type":"post","link":"https:\/\/www.djurskyddet.se\/landskrona\/senaste-nytt\/zack\/","title":{"rendered":"Zack"},"content":{"rendered":"\n<figure class=\"wp-block-image size-medium\"><img loading=\"lazy\" decoding=\"async\" width=\"239\" height=\"300\" src=\"https:\/\/www.djurskyddet.se\/landskrona\/wp-content\/uploads\/sites\/22\/2024\/04\/Zack-1-239x300.jpg\" alt=\"\" class=\"wp-image-10689\" srcset=\"https:\/\/www.djurskyddet.se\/landskrona\/wp-content\/uploads\/sites\/22\/2024\/04\/Zack-1-239x300.jpg 239w, https:\/\/www.djurskyddet.se\/landskrona\/wp-content\/uploads\/sites\/22\/2024\/04\/Zack-1-768x964.jpg 768w, https:\/\/www.djurskyddet.se\/landskrona\/wp-content\/uploads\/sites\/22\/2024\/04\/Zack-1-400x502.jpg 400w, https:\/\/www.djurskyddet.se\/landskrona\/wp-content\/uploads\/sites\/22\/2024\/04\/Zack-1.jpg 816w\" sizes=\"auto, (max-width: 239px) 100vw, 239px\" \/><\/figure>\n\n\n\n<p class=\"has-background\" style=\"background-color:#def5cf\">\nFina Zack har nu hittat sitt f\u00f6ralltidhem! Lycka till killen! ?\n<\/p>\n\n\n\n<p>Jag heter Zack och \u00e4r en kille p\u00e5 12 \u00e5r. Jag \u00e4r en blandning mellan Ragdoll och Perser och har mycket p\u00e4ls. Detta inneb\u00e4r inte att jag \u00e4lskar p\u00e4lsv\u00e5rd s\u00e5 har du bara t\u00e5lamod med mig s\u00e5 kan jag s\u00e4kert bli b\u00e4ttre p\u00e5 det h\u00e4r kammandet ni m\u00e4nniskor gillar. V\u00e4rme uppskattar jag inte heller s\u00e5 de senaste \u00e5ren har jag f\u00e5tt \u00e5ka till min &#8221;fris\u00f6r&#8221; veterin\u00e4ren som har varit sn\u00e4ll och klippt mig som ett fr\u00e4ckt lejon. Jag uppskattar om du som tar hand om mig \u00e4r beredd p\u00e5 att k\u00f6ra mig till &#8221;fris\u00f6ren&#8221; n\u00e4r det b\u00f6rjar n\u00e4rma sig v\u00e5r och sommar i luften.<\/p>\n\n\n\n<p>I jourhemmet d\u00e4r jag bor har jag snabbt acklimatiserat mig och jag har accepterat alla de andra katterna samt hunden som bor d\u00e4r. Jag har f\u00e5tt h\u00f6ra att jag ser lite sur ut, men l\u00e5t inte skenet bedra. Jag \u00e4r en trevlig, glad och cool katt som \u00e4lskar att bli klappad, ja en riktig kelgris \u00e4r jag. Sova i s\u00e4ngen gillar jag skarpt och ligger g\u00e4rna n\u00e4ra dig och myser. Jag vet att jag heter Zack och kommer p\u00e5 inkallning&#8230;..dvs om jag k\u00e4nner f\u00f6r det. <\/p>\n\n\n\n<pre class=\"wp-block-verse\"><\/pre>\n\n\n\n<p><strong>Zack<\/strong> \u00e4r:<\/p>\n\n\n\n<p>? Kastrerad<\/p>\n\n\n\n<p>? Chipm\u00e4rkt<\/p>\n\n\n\n<p>? Vaccinerad<\/p>\n\n\n\n<pre class=\"wp-block-verse\"><\/pre>\n\n\n\n<p>Adoptionsavgift: 1800:-<\/p>\n\n\n\n<pre class=\"wp-block-verse\"><\/pre>\n\n\n\n<p>\u00c4r&nbsp;<strong>Zack<\/strong>&nbsp;katten f\u00f6r dig? Skicka in din intresseanm\u00e4lan till oss! \u2b07\ufe0f<\/p>\n\n\n\n<p><\/p>\n","protected":false},"excerpt":{"rendered":"<p>Fina Zack har nu hittat sitt f\u00f6ralltidhem! Lycka till killen! ? Jag heter Zack och \u00e4r en kille p\u00e5 12 \u00e5r. Jag \u00e4r en blandning mellan Ragdoll och Perser och har mycket p\u00e4ls. Detta inneb\u00e4r inte att jag \u00e4lskar p\u00e4lsv\u00e5rd s\u00e5 har du bara t\u00e5lamod med mig s\u00e5 kan jag s\u00e4kert bli b\u00e4ttre p\u00e5 det h\u00e4r kammandet ni m\u00e4nniskor gillar. V\u00e4rme uppskattar jag inte heller s\u00e5 de senaste \u00e5ren har&hellip;<\/p>\n<p><a class=\"more-link\" href=\"https:\/\/www.djurskyddet.se\/landskrona\/senaste-nytt\/zack\/\" title=\"Continue reading &lsquo;Zack&rsquo;\">L&auml;s mer<span class=\"meta-nav\">&raquo;<\/span><\/a><\/p>\n","protected":false},"author":27,"featured_media":10689,"comment_status":"closed","ping_status":"open","sticky":false,"template":"","format":"standard","meta":{"_acf_changed":false,"footnotes":""},"categories":[18],"tags":[],"class_list":["post-10678","post","type-post","status-publish","format-standard","has-post-thumbnail","hentry","category-senaste-nytt"],"acf":[],"_links":{"self":[{"href":"https:\/\/www.djurskyddet.se\/landskrona\/wp-json\/wp\/v2\/posts\/10678","targetHints":{"allow":["GET"]}}],"collection":[{"href":"https:\/\/www.djurskyddet.se\/landskrona\/wp-json\/wp\/v2\/posts"}],"about":[{"href":"https:\/\/www.djurskyddet.se\/landskrona\/wp-json\/wp\/v2\/types\/post"}],"author":[{"embeddable":true,"href":"https:\/\/www.djurskyddet.se\/landskrona\/wp-json\/wp\/v2\/users\/27"}],"replies":[{"embeddable":true,"href":"https:\/\/www.djurskyddet.se\/landskrona\/wp-json\/wp\/v2\/comments?post=10678"}],"version-history":[{"count":8,"href":"https:\/\/www.djurskyddet.se\/landskrona\/wp-json\/wp\/v2\/posts\/10678\/revisions"}],"predecessor-version":[{"id":10755,"href":"https:\/\/www.djurskyddet.se\/landskrona\/wp-json\/wp\/v2\/posts\/10678\/revisions\/10755"}],"wp:featuredmedia":[{"embeddable":true,"href":"https:\/\/www.djurskyddet.se\/landskrona\/wp-json\/wp\/v2\/media\/10689"}],"wp:attachment":[{"href":"https:\/\/www.djurskyddet.se\/landskrona\/wp-json\/wp\/v2\/media?parent=10678"}],"wp:term":[{"taxonomy":"category","embeddable":true,"href":"https:\/\/www.djurskyddet.se\/landskrona\/wp-json\/wp\/v2\/categories?post=10678"},{"taxonomy":"post_tag","embeddable":true,"href":"https:\/\/www.djurskyddet.se\/landskrona\/wp-json\/wp\/v2\/tags?post=10678"}],"curies":[{"name":"wp","href":"https:\/\/api.w.org\/{rel}","templated":true}]}}