{"id":10693,"date":"2024-04-13T18:26:30","date_gmt":"2024-04-13T18:26:30","guid":{"rendered":"https:\/\/www.djurskyddet.se\/landskrona\/?p=10693"},"modified":"2024-07-01T10:33:40","modified_gmt":"2024-07-01T10:33:40","slug":"blanco","status":"publish","type":"post","link":"https:\/\/www.djurskyddet.se\/landskrona\/senaste-nytt\/blanco\/","title":{"rendered":"Blanco"},"content":{"rendered":"\n<figure class=\"wp-block-image size-medium\"><img loading=\"lazy\" decoding=\"async\" width=\"230\" height=\"300\" src=\"https:\/\/www.djurskyddet.se\/landskrona\/wp-content\/uploads\/sites\/22\/2024\/04\/Blanco-2-230x300.jpg\" alt=\"\" class=\"wp-image-10694\" srcset=\"https:\/\/www.djurskyddet.se\/landskrona\/wp-content\/uploads\/sites\/22\/2024\/04\/Blanco-2-230x300.jpg 230w, https:\/\/www.djurskyddet.se\/landskrona\/wp-content\/uploads\/sites\/22\/2024\/04\/Blanco-2-400x522.jpg 400w, https:\/\/www.djurskyddet.se\/landskrona\/wp-content\/uploads\/sites\/22\/2024\/04\/Blanco-2.jpg 567w\" sizes=\"auto, (max-width: 230px) 100vw, 230px\" \/><\/figure>\n\n\n\n<p class=\"has-background\" style=\"background-color:#def5cf\">Fina Blanco har nu f\u00e5tt komma till sitt nya hem som han \u00e4lskar! Lycka till! ?<\/p>\n\n\n\n<p>Jag heter Blanco och r\u00e4ddades av Djurskyddet Landskrona i oktober 2022. Jag var illa skadad och s\u00f6kte mig till ett hus i H\u00e4rsl\u00f6v f\u00f6r att f\u00e5 hj\u00e4lp. De kontaktade Djurskyddet Landskrona som tog hand om mig och gav mig v\u00e5rd.<\/p>\n\n\n\n<p>Det har varit m\u00e5nga unders\u00f6kningar och behandlingar men jag har klarat dem bra och med gott hum\u00f6r.<\/p>\n\n\n\n<p>Jag \u00e4r albino vilket g\u00f6r att jag har en del problem med min hud, men med specialfoder och kortison m\u00e5r jag bra och <a><\/a>lever livet. Jag \u00e4r ocks\u00e5 d\u00f6v s\u00e5 jag kan inte vara utekatt.<\/p>\n","protected":false},"excerpt":{"rendered":"<p>Fina Blanco har nu f\u00e5tt komma till sitt nya hem som han \u00e4lskar! Lycka till! ? Jag heter Blanco och r\u00e4ddades av Djurskyddet Landskrona i oktober 2022. Jag var illa skadad och s\u00f6kte mig till ett hus i H\u00e4rsl\u00f6v f\u00f6r att f\u00e5 hj\u00e4lp. De kontaktade Djurskyddet Landskrona som tog hand om mig och gav mig v\u00e5rd. Det har varit m\u00e5nga unders\u00f6kningar och behandlingar men jag har klarat dem bra och&hellip;<\/p>\n<p><a class=\"more-link\" href=\"https:\/\/www.djurskyddet.se\/landskrona\/senaste-nytt\/blanco\/\" title=\"Continue reading &lsquo;Blanco&rsquo;\">L&auml;s mer<span class=\"meta-nav\">&raquo;<\/span><\/a><\/p>\n","protected":false},"author":27,"featured_media":10694,"comment_status":"closed","ping_status":"open","sticky":false,"template":"","format":"standard","meta":{"_acf_changed":false,"footnotes":""},"categories":[18],"tags":[],"class_list":["post-10693","post","type-post","status-publish","format-standard","has-post-thumbnail","hentry","category-senaste-nytt"],"acf":[],"_links":{"self":[{"href":"https:\/\/www.djurskyddet.se\/landskrona\/wp-json\/wp\/v2\/posts\/10693","targetHints":{"allow":["GET"]}}],"collection":[{"href":"https:\/\/www.djurskyddet.se\/landskrona\/wp-json\/wp\/v2\/posts"}],"about":[{"href":"https:\/\/www.djurskyddet.se\/landskrona\/wp-json\/wp\/v2\/types\/post"}],"author":[{"embeddable":true,"href":"https:\/\/www.djurskyddet.se\/landskrona\/wp-json\/wp\/v2\/users\/27"}],"replies":[{"embeddable":true,"href":"https:\/\/www.djurskyddet.se\/landskrona\/wp-json\/wp\/v2\/comments?post=10693"}],"version-history":[{"count":3,"href":"https:\/\/www.djurskyddet.se\/landskrona\/wp-json\/wp\/v2\/posts\/10693\/revisions"}],"predecessor-version":[{"id":10899,"href":"https:\/\/www.djurskyddet.se\/landskrona\/wp-json\/wp\/v2\/posts\/10693\/revisions\/10899"}],"wp:featuredmedia":[{"embeddable":true,"href":"https:\/\/www.djurskyddet.se\/landskrona\/wp-json\/wp\/v2\/media\/10694"}],"wp:attachment":[{"href":"https:\/\/www.djurskyddet.se\/landskrona\/wp-json\/wp\/v2\/media?parent=10693"}],"wp:term":[{"taxonomy":"category","embeddable":true,"href":"https:\/\/www.djurskyddet.se\/landskrona\/wp-json\/wp\/v2\/categories?post=10693"},{"taxonomy":"post_tag","embeddable":true,"href":"https:\/\/www.djurskyddet.se\/landskrona\/wp-json\/wp\/v2\/tags?post=10693"}],"curies":[{"name":"wp","href":"https:\/\/api.w.org\/{rel}","templated":true}]}}