{"id":10697,"date":"2024-04-13T18:28:04","date_gmt":"2024-04-13T18:28:04","guid":{"rendered":"https:\/\/www.djurskyddet.se\/landskrona\/?p=10697"},"modified":"2024-05-14T18:04:15","modified_gmt":"2024-05-14T18:04:15","slug":"polly-2","status":"publish","type":"post","link":"https:\/\/www.djurskyddet.se\/landskrona\/senaste-nytt\/polly-2\/","title":{"rendered":"Polly"},"content":{"rendered":"\n<figure class=\"wp-block-image size-medium\"><img loading=\"lazy\" decoding=\"async\" width=\"297\" height=\"300\" src=\"https:\/\/www.djurskyddet.se\/landskrona\/wp-content\/uploads\/sites\/22\/2024\/04\/Polly-297x300.jpg\" alt=\"\" class=\"wp-image-10684\" srcset=\"https:\/\/www.djurskyddet.se\/landskrona\/wp-content\/uploads\/sites\/22\/2024\/04\/Polly-297x300.jpg 297w, https:\/\/www.djurskyddet.se\/landskrona\/wp-content\/uploads\/sites\/22\/2024\/04\/Polly-768x775.jpg 768w, https:\/\/www.djurskyddet.se\/landskrona\/wp-content\/uploads\/sites\/22\/2024\/04\/Polly-400x404.jpg 400w, https:\/\/www.djurskyddet.se\/landskrona\/wp-content\/uploads\/sites\/22\/2024\/04\/Polly.jpg 1015w\" sizes=\"auto, (max-width: 297px) 100vw, 297px\" \/><\/figure>\n\n\n\n<p class=\"has-background\" style=\"background-color:#def5cf\"> S\u00f6ta Polly har nu flyttat till sitt f\u00f6ralltidhem. Lycka till \u2764\ufe0f<\/p>\n\n\n\n<p>Jag heter Polly och \u00e4r 5 \u00e5r gammal. Tycker sj\u00e4lv att jag \u00e4r en social och kontakts\u00f6kande katt som g\u00e4rna pratar med dig. Jag tycker ocks\u00e5 om att sova i s\u00e4ngen p\u00e5 natten. <\/p>\n\n\n\n<p>Tycker sis\u00e5d\u00e4r om andra katter, men tycker b\u00e4ttre om hundar. <\/p>\n\n\n\n<p>Vill g\u00e4rna ha tillg\u00e5ng till utevistelse och jag visar detta tydligt genom att st\u00e5 vid ytterd\u00f6rren n\u00e4r jag vill g\u00e5 ut en runda.<\/p>\n\n\n\n<pre class=\"wp-block-verse\"><\/pre>\n\n\n\n<p><strong>Polly<\/strong> \u00e4r:<\/p>\n\n\n\n<p>? Kastrerad<\/p>\n\n\n\n<p>? Chipm\u00e4rkt<\/p>\n\n\n\n<p>? Vaccinerad<\/p>\n\n\n\n<p>? Vill g\u00e4rna ha tillg\u00e5ng till utevistelse<\/p>\n\n\n\n<pre class=\"wp-block-verse\"><\/pre>\n\n\n\n<p>Adoptionsavgift: 1800:-<\/p>\n\n\n\n<pre class=\"wp-block-verse\"><\/pre>\n\n\n\n<p>\u00c4r&nbsp;<strong>Polly<\/strong>&nbsp;katten f\u00f6r dig? Skicka in din intresseanm\u00e4lan till oss! \u2b07\ufe0f<\/p>\n","protected":false},"excerpt":{"rendered":"<p>S\u00f6ta Polly har nu flyttat till sitt f\u00f6ralltidhem. Lycka till \u2764\ufe0f Jag heter Polly och \u00e4r 5 \u00e5r gammal. Tycker sj\u00e4lv att jag \u00e4r en social och kontakts\u00f6kande katt som g\u00e4rna pratar med dig. Jag tycker ocks\u00e5 om att sova i s\u00e4ngen p\u00e5 natten. Tycker sis\u00e5d\u00e4r om andra katter, men tycker b\u00e4ttre om hundar. Vill g\u00e4rna ha tillg\u00e5ng till utevistelse och jag visar detta tydligt genom att st\u00e5 vid ytterd\u00f6rren&hellip;<\/p>\n<p><a class=\"more-link\" href=\"https:\/\/www.djurskyddet.se\/landskrona\/senaste-nytt\/polly-2\/\" title=\"Continue reading &lsquo;Polly&rsquo;\">L&auml;s mer<span class=\"meta-nav\">&raquo;<\/span><\/a><\/p>\n","protected":false},"author":27,"featured_media":10700,"comment_status":"closed","ping_status":"open","sticky":false,"template":"","format":"standard","meta":{"_acf_changed":false,"footnotes":""},"categories":[18],"tags":[],"class_list":["post-10697","post","type-post","status-publish","format-standard","has-post-thumbnail","hentry","category-senaste-nytt"],"acf":[],"_links":{"self":[{"href":"https:\/\/www.djurskyddet.se\/landskrona\/wp-json\/wp\/v2\/posts\/10697","targetHints":{"allow":["GET"]}}],"collection":[{"href":"https:\/\/www.djurskyddet.se\/landskrona\/wp-json\/wp\/v2\/posts"}],"about":[{"href":"https:\/\/www.djurskyddet.se\/landskrona\/wp-json\/wp\/v2\/types\/post"}],"author":[{"embeddable":true,"href":"https:\/\/www.djurskyddet.se\/landskrona\/wp-json\/wp\/v2\/users\/27"}],"replies":[{"embeddable":true,"href":"https:\/\/www.djurskyddet.se\/landskrona\/wp-json\/wp\/v2\/comments?post=10697"}],"version-history":[{"count":6,"href":"https:\/\/www.djurskyddet.se\/landskrona\/wp-json\/wp\/v2\/posts\/10697\/revisions"}],"predecessor-version":[{"id":10765,"href":"https:\/\/www.djurskyddet.se\/landskrona\/wp-json\/wp\/v2\/posts\/10697\/revisions\/10765"}],"wp:featuredmedia":[{"embeddable":true,"href":"https:\/\/www.djurskyddet.se\/landskrona\/wp-json\/wp\/v2\/media\/10700"}],"wp:attachment":[{"href":"https:\/\/www.djurskyddet.se\/landskrona\/wp-json\/wp\/v2\/media?parent=10697"}],"wp:term":[{"taxonomy":"category","embeddable":true,"href":"https:\/\/www.djurskyddet.se\/landskrona\/wp-json\/wp\/v2\/categories?post=10697"},{"taxonomy":"post_tag","embeddable":true,"href":"https:\/\/www.djurskyddet.se\/landskrona\/wp-json\/wp\/v2\/tags?post=10697"}],"curies":[{"name":"wp","href":"https:\/\/api.w.org\/{rel}","templated":true}]}}