{"id":10734,"date":"2024-05-04T07:37:01","date_gmt":"2024-05-04T07:37:01","guid":{"rendered":"https:\/\/www.djurskyddet.se\/landskrona\/?p=10734"},"modified":"2024-06-08T10:09:13","modified_gmt":"2024-06-08T10:09:13","slug":"pigall","status":"publish","type":"post","link":"https:\/\/www.djurskyddet.se\/landskrona\/senaste-nytt\/pigall\/","title":{"rendered":"Pigall"},"content":{"rendered":"\n<figure class=\"wp-block-image size-medium\"><img loading=\"lazy\" decoding=\"async\" width=\"300\" height=\"300\" src=\"https:\/\/www.djurskyddet.se\/landskrona\/wp-content\/uploads\/sites\/22\/2024\/05\/Pigall-2-300x300.jpg\" alt=\"\" class=\"wp-image-10800\" srcset=\"https:\/\/www.djurskyddet.se\/landskrona\/wp-content\/uploads\/sites\/22\/2024\/05\/Pigall-2-300x300.jpg 300w, https:\/\/www.djurskyddet.se\/landskrona\/wp-content\/uploads\/sites\/22\/2024\/05\/Pigall-2-150x150.jpg 150w, https:\/\/www.djurskyddet.se\/landskrona\/wp-content\/uploads\/sites\/22\/2024\/05\/Pigall-2-768x768.jpg 768w, https:\/\/www.djurskyddet.se\/landskrona\/wp-content\/uploads\/sites\/22\/2024\/05\/Pigall-2-400x400.jpg 400w, https:\/\/www.djurskyddet.se\/landskrona\/wp-content\/uploads\/sites\/22\/2024\/05\/Pigall-2.jpg 1024w\" sizes=\"auto, (max-width: 300px) 100vw, 300px\" \/><\/figure>\n\n\n\n<p class=\"has-background\" style=\"background-color:#def5cf\">S\u00f6ta Pigall har nu flyttat till sitt f\u00f6ralltidhem! Lycka till killen! ?<\/p>\n\n\n\n<p>Jag heter Pigall och \u00e4r en kille som precis fyllt 1 \u00e5r. Jag \u00e4r kelig och pratglad och tyr mig g\u00e4rna till m\u00e4nniskor. N\u00e4r det g\u00e4ller andra katter \u00e4r jag lite mer f\u00f6rsiktig, f\u00f6rutom n\u00e4r det g\u00e4ller min syster Bountie som \u00e4r min trygghet i livet.<\/p>\n\n\n\n<p>Jag \u00e4lskar min kl\u00f6stunna d\u00e4r jag kan ligga och mysa eller bara busa rundor. Att leka med bollar och sp\u00f6n tillh\u00f6r ocks\u00e5 min favoritsyssels\u00e4ttning. Jag \u00e4r en v\u00e4ldigt aktiv katt som beh\u00f6ver aktiveras och syssels\u00e4ttas.<\/p>\n\n\n\n<p>Jag vill flytta tillsammans med min syster Bountie eller bo i ett hem d\u00e4r jag \u00e4r ensamkatt.<\/p>\n\n\n\n<pre class=\"wp-block-verse\"><\/pre>\n\n\n\n<p><strong>Pigall<\/strong> \u00e4r: <\/p>\n\n\n\n<p>? Kastrerad<\/p>\n\n\n\n<p>? Chipm\u00e4rkt<\/p>\n\n\n\n<p>? Vaccinerad<\/p>\n\n\n\n<p>? Vill flytta tillsammans med sin syster Bountie eller vara ensamkatt<\/p>\n\n\n\n<pre class=\"wp-block-verse\"><\/pre>\n\n\n\n<p>Adoptionsavgift: 1800:-<\/p>\n\n\n\n<pre class=\"wp-block-verse\"><\/pre>\n\n\n\n<p>\u00c4r&nbsp;<strong>Pigall<\/strong>&nbsp;katten f\u00f6r dig? Skicka in din intresseanm\u00e4lan till oss! \u2b07\ufe0f<\/p>\n","protected":false},"excerpt":{"rendered":"<p>S\u00f6ta Pigall har nu flyttat till sitt f\u00f6ralltidhem! Lycka till killen! ? Jag heter Pigall och \u00e4r en kille som precis fyllt 1 \u00e5r. Jag \u00e4r kelig och pratglad och tyr mig g\u00e4rna till m\u00e4nniskor. N\u00e4r det g\u00e4ller andra katter \u00e4r jag lite mer f\u00f6rsiktig, f\u00f6rutom n\u00e4r det g\u00e4ller min syster Bountie som \u00e4r min trygghet i livet. Jag \u00e4lskar min kl\u00f6stunna d\u00e4r jag kan ligga och mysa eller bara&hellip;<\/p>\n<p><a class=\"more-link\" href=\"https:\/\/www.djurskyddet.se\/landskrona\/senaste-nytt\/pigall\/\" title=\"Continue reading &lsquo;Pigall&rsquo;\">L&auml;s mer<span class=\"meta-nav\">&raquo;<\/span><\/a><\/p>\n","protected":false},"author":27,"featured_media":10800,"comment_status":"closed","ping_status":"open","sticky":false,"template":"","format":"standard","meta":{"_acf_changed":false,"footnotes":""},"categories":[18],"tags":[],"class_list":["post-10734","post","type-post","status-publish","format-standard","has-post-thumbnail","hentry","category-senaste-nytt"],"acf":[],"_links":{"self":[{"href":"https:\/\/www.djurskyddet.se\/landskrona\/wp-json\/wp\/v2\/posts\/10734","targetHints":{"allow":["GET"]}}],"collection":[{"href":"https:\/\/www.djurskyddet.se\/landskrona\/wp-json\/wp\/v2\/posts"}],"about":[{"href":"https:\/\/www.djurskyddet.se\/landskrona\/wp-json\/wp\/v2\/types\/post"}],"author":[{"embeddable":true,"href":"https:\/\/www.djurskyddet.se\/landskrona\/wp-json\/wp\/v2\/users\/27"}],"replies":[{"embeddable":true,"href":"https:\/\/www.djurskyddet.se\/landskrona\/wp-json\/wp\/v2\/comments?post=10734"}],"version-history":[{"count":7,"href":"https:\/\/www.djurskyddet.se\/landskrona\/wp-json\/wp\/v2\/posts\/10734\/revisions"}],"predecessor-version":[{"id":10865,"href":"https:\/\/www.djurskyddet.se\/landskrona\/wp-json\/wp\/v2\/posts\/10734\/revisions\/10865"}],"wp:featuredmedia":[{"embeddable":true,"href":"https:\/\/www.djurskyddet.se\/landskrona\/wp-json\/wp\/v2\/media\/10800"}],"wp:attachment":[{"href":"https:\/\/www.djurskyddet.se\/landskrona\/wp-json\/wp\/v2\/media?parent=10734"}],"wp:term":[{"taxonomy":"category","embeddable":true,"href":"https:\/\/www.djurskyddet.se\/landskrona\/wp-json\/wp\/v2\/categories?post=10734"},{"taxonomy":"post_tag","embeddable":true,"href":"https:\/\/www.djurskyddet.se\/landskrona\/wp-json\/wp\/v2\/tags?post=10734"}],"curies":[{"name":"wp","href":"https:\/\/api.w.org\/{rel}","templated":true}]}}