{"id":10777,"date":"2024-05-16T19:23:05","date_gmt":"2024-05-16T19:23:05","guid":{"rendered":"https:\/\/www.djurskyddet.se\/landskrona\/?p=10777"},"modified":"2026-04-08T18:26:43","modified_gmt":"2026-04-08T18:26:43","slug":"stella","status":"publish","type":"post","link":"https:\/\/www.djurskyddet.se\/landskrona\/soker-hem\/stella\/","title":{"rendered":"Stella"},"content":{"rendered":"\n<p>Jag heter Stella och \u00e4r en tjej p\u00e5 ca 3 \u00e5r. N\u00e4r jag kom till jourhemmet med min syster Nova s\u00e5 var vi v\u00e4ldigt skygga och v\u00e5r jourhemsmatte s\u00e4ger att hon inte s\u00e5g oss p\u00e5 ca 6 m\u00e5nader. Tiden har g\u00e5tt och jag har gjort lite framsteg, det \u00e4r s\u00e5 pass att n\u00e4r matte tittar p\u00e5 tv s\u00e5 g\u00e5r jag upp p\u00e5 soffbordet och vill bli klappad och \u00e4ven f\u00e5 lite Dreamies. Jag brukar sitta och studera henne tills hon antingen klappar mig eller tills jag f\u00e5r godis. N\u00e4r jag vill sova ifred kryper jag g\u00e4rna in under soffan eller l\u00e4gger jag mig i kl\u00f6str\u00e4det d\u00e4r jag f\u00e5r vara ifred. Jag brukar leka med sm\u00e5 bollar, springa gatlopp eller prassla i kattunneln och det \u00e4r j\u00e4ttekul. Jag s\u00f6ker efter ett hem som vill adoptera 2 katter, mig och min syster.<\/p>\n\n\n\n<p><strong>Stella<\/strong> \u00e4r:<\/p>\n\n\n\n<p>\ud83d\udc9a Kastrerad<\/p>\n\n\n\n<p>\ud83d\udc9aChipm\u00e4rkt<\/p>\n\n\n\n<p>\ud83d\udc9a Vaccinerad<\/p>\n\n\n\n<p>\ud83d\udc9a Vill flytta tillsammans med min syster Nova.<\/p>\n\n\n\n<p>Adoptionsavgift: 2000:-<\/p>\n\n\n\n<pre class=\"wp-block-verse\"><\/pre>\n\n\n\n<p>\u00c4r&nbsp;<strong>Stella<\/strong>&nbsp;katten f\u00f6r dig? Skicka in din intresseanm\u00e4lan till oss! \u2b07\ufe0f<\/p>\n\n\n\n<p><\/p>\n","protected":false},"excerpt":{"rendered":"<p>Jag heter Stella och \u00e4r en tjej p\u00e5 ca 3 \u00e5r. N\u00e4r jag kom till jourhemmet med min syster Nova s\u00e5 var vi v\u00e4ldigt skygga och v\u00e5r jourhemsmatte s\u00e4ger att hon inte s\u00e5g oss p\u00e5 ca 6 m\u00e5nader. Tiden har g\u00e5tt och jag har gjort lite framsteg, det \u00e4r s\u00e5 pass att n\u00e4r matte tittar p\u00e5 tv s\u00e5 g\u00e5r jag upp p\u00e5 soffbordet och vill bli klappad och \u00e4ven f\u00e5&hellip;<\/p>\n<p><a class=\"more-link\" href=\"https:\/\/www.djurskyddet.se\/landskrona\/soker-hem\/stella\/\" title=\"Continue reading &lsquo;Stella&rsquo;\">L&auml;s mer<span class=\"meta-nav\">&raquo;<\/span><\/a><\/p>\n","protected":false},"author":27,"featured_media":12083,"comment_status":"closed","ping_status":"open","sticky":false,"template":"","format":"standard","meta":{"_acf_changed":false,"footnotes":""},"categories":[19],"tags":[],"class_list":["post-10777","post","type-post","status-publish","format-standard","has-post-thumbnail","hentry","category-soker-hem"],"acf":[],"_links":{"self":[{"href":"https:\/\/www.djurskyddet.se\/landskrona\/wp-json\/wp\/v2\/posts\/10777","targetHints":{"allow":["GET"]}}],"collection":[{"href":"https:\/\/www.djurskyddet.se\/landskrona\/wp-json\/wp\/v2\/posts"}],"about":[{"href":"https:\/\/www.djurskyddet.se\/landskrona\/wp-json\/wp\/v2\/types\/post"}],"author":[{"embeddable":true,"href":"https:\/\/www.djurskyddet.se\/landskrona\/wp-json\/wp\/v2\/users\/27"}],"replies":[{"embeddable":true,"href":"https:\/\/www.djurskyddet.se\/landskrona\/wp-json\/wp\/v2\/comments?post=10777"}],"version-history":[{"count":15,"href":"https:\/\/www.djurskyddet.se\/landskrona\/wp-json\/wp\/v2\/posts\/10777\/revisions"}],"predecessor-version":[{"id":12509,"href":"https:\/\/www.djurskyddet.se\/landskrona\/wp-json\/wp\/v2\/posts\/10777\/revisions\/12509"}],"wp:featuredmedia":[{"embeddable":true,"href":"https:\/\/www.djurskyddet.se\/landskrona\/wp-json\/wp\/v2\/media\/12083"}],"wp:attachment":[{"href":"https:\/\/www.djurskyddet.se\/landskrona\/wp-json\/wp\/v2\/media?parent=10777"}],"wp:term":[{"taxonomy":"category","embeddable":true,"href":"https:\/\/www.djurskyddet.se\/landskrona\/wp-json\/wp\/v2\/categories?post=10777"},{"taxonomy":"post_tag","embeddable":true,"href":"https:\/\/www.djurskyddet.se\/landskrona\/wp-json\/wp\/v2\/tags?post=10777"}],"curies":[{"name":"wp","href":"https:\/\/api.w.org\/{rel}","templated":true}]}}