{"id":10883,"date":"2024-07-01T10:05:03","date_gmt":"2024-07-01T10:05:03","guid":{"rendered":"https:\/\/www.djurskyddet.se\/landskrona\/?p=10883"},"modified":"2024-07-14T11:46:44","modified_gmt":"2024-07-14T11:46:44","slug":"ture","status":"publish","type":"post","link":"https:\/\/www.djurskyddet.se\/landskrona\/senaste-nytt\/ture\/","title":{"rendered":"Ture"},"content":{"rendered":"\n<figure class=\"wp-block-image size-medium\"><img loading=\"lazy\" decoding=\"async\" width=\"300\" height=\"300\" src=\"https:\/\/www.djurskyddet.se\/landskrona\/wp-content\/uploads\/sites\/22\/2024\/07\/Ture-300x300.jpg\" alt=\"\" class=\"wp-image-10959\" srcset=\"https:\/\/www.djurskyddet.se\/landskrona\/wp-content\/uploads\/sites\/22\/2024\/07\/Ture-300x300.jpg 300w, https:\/\/www.djurskyddet.se\/landskrona\/wp-content\/uploads\/sites\/22\/2024\/07\/Ture-150x150.jpg 150w, https:\/\/www.djurskyddet.se\/landskrona\/wp-content\/uploads\/sites\/22\/2024\/07\/Ture-768x768.jpg 768w, https:\/\/www.djurskyddet.se\/landskrona\/wp-content\/uploads\/sites\/22\/2024\/07\/Ture-400x400.jpg 400w, https:\/\/www.djurskyddet.se\/landskrona\/wp-content\/uploads\/sites\/22\/2024\/07\/Ture.jpg 1024w\" sizes=\"auto, (max-width: 300px) 100vw, 300px\" \/><\/figure>\n\n\n\n<p class=\"has-background\" style=\"background-color:#def5cf\">Ture har hittat sitt f\u00f6ralltidhem! Lycka till fina du! ?<\/p>\n\n\n\n<p>Jag heter Ture och \u00e4r ca 2 \u00e5r gammal. Jourhemmet s\u00e4ger att jag \u00e4r en ung katt i en gammal katts kropp och sinne. Jag \u00e4r \u00e4r matglad och en riktig mysgubbe. Allt d\u00e4r finns att veta om fredagsmys har jag koll p\u00e5.<\/p>\n\n\n\n<p>Jag trivs b\u00e5de kring m\u00e4nniskor och andra djur.<\/p>\n\n\n\n<pre class=\"wp-block-verse\"><\/pre>\n\n\n\n<p><strong>Ture<\/strong> \u00e4r:<\/p>\n\n\n\n<p>? Kastrerad<\/p>\n\n\n\n<p>? Chipm\u00e4rkt<\/p>\n\n\n\n<p>? Vaccinerad<\/p>\n\n\n\n<pre class=\"wp-block-verse\"><\/pre>\n\n\n\n<p>Adoptionsavgift: 1800:-<\/p>\n\n\n\n<pre class=\"wp-block-verse\"><\/pre>\n\n\n\n<p>\u00c4r\u00a0<strong>Ture<\/strong>\u00a0katten f\u00f6r dig? Skicka in din intresseanm\u00e4lan till oss! \u2b07\ufe0f<\/p>\n","protected":false},"excerpt":{"rendered":"<p>Ture har hittat sitt f\u00f6ralltidhem! Lycka till fina du! ? Jag heter Ture och \u00e4r ca 2 \u00e5r gammal. Jourhemmet s\u00e4ger att jag \u00e4r en ung katt i en gammal katts kropp och sinne. Jag \u00e4r \u00e4r matglad och en riktig mysgubbe. Allt d\u00e4r finns att veta om fredagsmys har jag koll p\u00e5. Jag trivs b\u00e5de kring m\u00e4nniskor och andra djur. Ture \u00e4r: ? Kastrerad ? Chipm\u00e4rkt ? Vaccinerad Adoptionsavgift:&hellip;<\/p>\n<p><a class=\"more-link\" href=\"https:\/\/www.djurskyddet.se\/landskrona\/senaste-nytt\/ture\/\" title=\"Continue reading &lsquo;Ture&rsquo;\">L&auml;s mer<span class=\"meta-nav\">&raquo;<\/span><\/a><\/p>\n","protected":false},"author":27,"featured_media":10959,"comment_status":"closed","ping_status":"open","sticky":false,"template":"","format":"standard","meta":{"_acf_changed":false,"footnotes":""},"categories":[18],"tags":[],"class_list":["post-10883","post","type-post","status-publish","format-standard","has-post-thumbnail","hentry","category-senaste-nytt"],"acf":[],"_links":{"self":[{"href":"https:\/\/www.djurskyddet.se\/landskrona\/wp-json\/wp\/v2\/posts\/10883","targetHints":{"allow":["GET"]}}],"collection":[{"href":"https:\/\/www.djurskyddet.se\/landskrona\/wp-json\/wp\/v2\/posts"}],"about":[{"href":"https:\/\/www.djurskyddet.se\/landskrona\/wp-json\/wp\/v2\/types\/post"}],"author":[{"embeddable":true,"href":"https:\/\/www.djurskyddet.se\/landskrona\/wp-json\/wp\/v2\/users\/27"}],"replies":[{"embeddable":true,"href":"https:\/\/www.djurskyddet.se\/landskrona\/wp-json\/wp\/v2\/comments?post=10883"}],"version-history":[{"count":3,"href":"https:\/\/www.djurskyddet.se\/landskrona\/wp-json\/wp\/v2\/posts\/10883\/revisions"}],"predecessor-version":[{"id":10961,"href":"https:\/\/www.djurskyddet.se\/landskrona\/wp-json\/wp\/v2\/posts\/10883\/revisions\/10961"}],"wp:featuredmedia":[{"embeddable":true,"href":"https:\/\/www.djurskyddet.se\/landskrona\/wp-json\/wp\/v2\/media\/10959"}],"wp:attachment":[{"href":"https:\/\/www.djurskyddet.se\/landskrona\/wp-json\/wp\/v2\/media?parent=10883"}],"wp:term":[{"taxonomy":"category","embeddable":true,"href":"https:\/\/www.djurskyddet.se\/landskrona\/wp-json\/wp\/v2\/categories?post=10883"},{"taxonomy":"post_tag","embeddable":true,"href":"https:\/\/www.djurskyddet.se\/landskrona\/wp-json\/wp\/v2\/tags?post=10883"}],"curies":[{"name":"wp","href":"https:\/\/api.w.org\/{rel}","templated":true}]}}