{"id":10893,"date":"2024-07-01T10:24:26","date_gmt":"2024-07-01T10:24:26","guid":{"rendered":"https:\/\/www.djurskyddet.se\/landskrona\/?p=10893"},"modified":"2024-07-02T08:35:41","modified_gmt":"2024-07-02T08:35:41","slug":"mini","status":"publish","type":"post","link":"https:\/\/www.djurskyddet.se\/landskrona\/senaste-nytt\/mini\/","title":{"rendered":"Mini"},"content":{"rendered":"\n<figure class=\"wp-block-image size-medium\"><img loading=\"lazy\" decoding=\"async\" width=\"225\" height=\"300\" src=\"https:\/\/www.djurskyddet.se\/landskrona\/wp-content\/uploads\/sites\/22\/2024\/07\/Mini-225x300.jpg\" alt=\"\" class=\"wp-image-10907\" srcset=\"https:\/\/www.djurskyddet.se\/landskrona\/wp-content\/uploads\/sites\/22\/2024\/07\/Mini-225x300.jpg 225w, https:\/\/www.djurskyddet.se\/landskrona\/wp-content\/uploads\/sites\/22\/2024\/07\/Mini-400x533.jpg 400w, https:\/\/www.djurskyddet.se\/landskrona\/wp-content\/uploads\/sites\/22\/2024\/07\/Mini.jpg 769w\" sizes=\"auto, (max-width: 225px) 100vw, 225px\" \/><\/figure>\n\n\n\n<p class=\"has-background\" style=\"background-color:#def5cf\">S\u00f6t lilla Mini har stannat kvar i sitt jourhem tillsammans med sin bror Pip! Lycka till! ?<\/p>\n\n\n\n<p>Jag heter Mini och \u00e4r cirka 9 m\u00e5nader gammal. Jag \u00e4r f\u00f6dd i ett koloniomr\u00e5de tillsammans med min bror Pip. Jag \u00e4r lite mer f\u00f6rsiktig \u00e4n brorsan och allt sker p\u00e5 mina villkor \u00e4ven om det \u00e4r sk\u00f6nt med lite kli och mys ibland.<\/p>\n\n\n\n<p>Jag busar g\u00e4rna med brorsan och myser med honom. Den andra katten i hemmet tyr jag mig ocks\u00e5 till och myser \u00e4ven med henne.<\/p>\n\n\n\n<p>Jag gillar h\u00f6jder och att observera p\u00e5 avst\u00e5nd och att kunna ta till flykten om det skulle beh\u00f6vas f\u00f6r att m\u00e4nniskan i jourhemmet vill klappa mig utan mitt medgivande.<\/p>\n\n\n\n<p>Mat \u00e4r med en stor favorit, s\u00e5 \u00e4ven godis eller n\u00e5got annat gott.<\/p>\n\n\n\n<pre class=\"wp-block-verse\"><\/pre>\n\n\n\n<p><strong>Mini<\/strong> \u00e4r:<\/p>\n\n\n\n<p>? Kastrerad<\/p>\n\n\n\n<p>? Chipm\u00e4rkt<\/p>\n\n\n\n<p>? Vaccinerad<\/p>\n\n\n\n<pre class=\"wp-block-verse\"><\/pre>\n\n\n\n<p>Adoptionsavgift: 1800:-<\/p>\n\n\n\n<pre class=\"wp-block-verse\"><\/pre>\n\n\n\n<p>\u00c4r\u00a0<strong>Mini<\/strong>\u00a0katten f\u00f6r dig? Skicka in din intresseanm\u00e4lan till oss! \u2b07\ufe0f<\/p>\n","protected":false},"excerpt":{"rendered":"<p>S\u00f6t lilla Mini har stannat kvar i sitt jourhem tillsammans med sin bror Pip! Lycka till! ? Jag heter Mini och \u00e4r cirka 9 m\u00e5nader gammal. Jag \u00e4r f\u00f6dd i ett koloniomr\u00e5de tillsammans med min bror Pip. Jag \u00e4r lite mer f\u00f6rsiktig \u00e4n brorsan och allt sker p\u00e5 mina villkor \u00e4ven om det \u00e4r sk\u00f6nt med lite kli och mys ibland. Jag busar g\u00e4rna med brorsan och myser med honom.&hellip;<\/p>\n<p><a class=\"more-link\" href=\"https:\/\/www.djurskyddet.se\/landskrona\/senaste-nytt\/mini\/\" title=\"Continue reading &lsquo;Mini&rsquo;\">L&auml;s mer<span class=\"meta-nav\">&raquo;<\/span><\/a><\/p>\n","protected":false},"author":27,"featured_media":10907,"comment_status":"closed","ping_status":"open","sticky":false,"template":"","format":"standard","meta":{"_acf_changed":false,"footnotes":""},"categories":[18],"tags":[],"class_list":["post-10893","post","type-post","status-publish","format-standard","has-post-thumbnail","hentry","category-senaste-nytt"],"acf":[],"_links":{"self":[{"href":"https:\/\/www.djurskyddet.se\/landskrona\/wp-json\/wp\/v2\/posts\/10893","targetHints":{"allow":["GET"]}}],"collection":[{"href":"https:\/\/www.djurskyddet.se\/landskrona\/wp-json\/wp\/v2\/posts"}],"about":[{"href":"https:\/\/www.djurskyddet.se\/landskrona\/wp-json\/wp\/v2\/types\/post"}],"author":[{"embeddable":true,"href":"https:\/\/www.djurskyddet.se\/landskrona\/wp-json\/wp\/v2\/users\/27"}],"replies":[{"embeddable":true,"href":"https:\/\/www.djurskyddet.se\/landskrona\/wp-json\/wp\/v2\/comments?post=10893"}],"version-history":[{"count":2,"href":"https:\/\/www.djurskyddet.se\/landskrona\/wp-json\/wp\/v2\/posts\/10893\/revisions"}],"predecessor-version":[{"id":10918,"href":"https:\/\/www.djurskyddet.se\/landskrona\/wp-json\/wp\/v2\/posts\/10893\/revisions\/10918"}],"wp:featuredmedia":[{"embeddable":true,"href":"https:\/\/www.djurskyddet.se\/landskrona\/wp-json\/wp\/v2\/media\/10907"}],"wp:attachment":[{"href":"https:\/\/www.djurskyddet.se\/landskrona\/wp-json\/wp\/v2\/media?parent=10893"}],"wp:term":[{"taxonomy":"category","embeddable":true,"href":"https:\/\/www.djurskyddet.se\/landskrona\/wp-json\/wp\/v2\/categories?post=10893"},{"taxonomy":"post_tag","embeddable":true,"href":"https:\/\/www.djurskyddet.se\/landskrona\/wp-json\/wp\/v2\/tags?post=10893"}],"curies":[{"name":"wp","href":"https:\/\/api.w.org\/{rel}","templated":true}]}}