{"id":11062,"date":"2024-08-19T18:58:19","date_gmt":"2024-08-19T18:58:19","guid":{"rendered":"https:\/\/www.djurskyddet.se\/landskrona\/?p=11062"},"modified":"2024-08-31T12:49:14","modified_gmt":"2024-08-31T12:49:14","slug":"noblesse-2","status":"publish","type":"post","link":"https:\/\/www.djurskyddet.se\/landskrona\/senaste-nytt\/noblesse-2\/","title":{"rendered":"Noblesse"},"content":{"rendered":"\n<p>Vackra Noblesse har flyttat till sitt f\u00f6r-alltid-hem.<\/p>\n\n\n\n<figure class=\"wp-block-image size-full\"><img loading=\"lazy\" decoding=\"async\" width=\"300\" height=\"225\" src=\"https:\/\/www.djurskyddet.se\/landskrona\/wp-content\/uploads\/sites\/22\/2024\/07\/Noblesse.jpg\" alt=\"\" class=\"wp-image-10923\" \/><\/figure>\n\n\n\n<p>Jag heter Noblesse och fyllde nyligen 1 \u00e5r. N\u00e4r jag hittades p\u00e5 en gata i Landskrona var jag r\u00e4dd, underviktig samt full med tovor i p\u00e4lsen. Sedan jag fick komma till mitt jourhem har jag b\u00f6rjat k\u00e4nna mig trygg och s\u00e4ker och har nu b\u00f6rjat blomma ut och mitt sj\u00e4lvf\u00f6rtroende har vuxit. Jag tycker sj\u00e4lv att jag \u00e4r den vackraste katten som finns och promenerar g\u00e4rna omkring som en riktig primadonna, dvs h\u00f6gt med b\u00e5de huvud och svans.<\/p>\n\n\n\n<p>Jag leker g\u00e4rna med de andra katterna i jourhemmet, men jag kan lika g\u00e4rna underh\u00e5lla mig sj\u00e4lv. Att f\u00e5 sitta ute p\u00e5 balkongen och k\u00e4nna vinden i p\u00e4lsen gillar jag verkligen. S\u00e5 ett boende med &#8221;katts\u00e4krad&#8221; balkong hade jag uppskattat.<\/p>\n\n\n\n<p>F\u00f6rtroendet f\u00f6r m\u00e4nniskor har varit sis\u00e5d\u00e4r men jag b\u00f6rjar f\u00e5 tillbaka det sakta men s\u00e4kert. Du som adopterar mig m\u00e5ste ha stort t\u00e5lamod med att l\u00e5ta mig f\u00e5 den tid jag beh\u00f6ver f\u00f6r att kunna f\u00e5 tillbaka tilliten f\u00f6r m\u00e4nniskor igen. Eftersom jag har en tjock l\u00e5ng p\u00e4ls s\u00e5 kr\u00e4vs det ocks\u00e5 en hel del p\u00e4lsv\u00e5rd, vilket jag inte f\u00e5tt tidigare. \u00c4ven detta kr\u00e4ver en del tr\u00e4ning och t\u00e5lamod d\u00e5 detta \u00e4r helt nytt f\u00f6r mig. Men som tack f\u00f6r att du borstat mig tar jag g\u00e4rna en runda f\u00f6r att visa upp hur fin och st\u00e5tlig jag \u00e4r.<\/p>\n\n\n\n<pre class=\"wp-block-verse\"><\/pre>\n\n\n\n<p><strong>Noblesse<\/strong> \u00e4r:<\/p>\n\n\n\n<p>? Kastrerad<\/p>\n\n\n\n<p>? Chipm\u00e4rkt<\/p>\n\n\n\n<p>? Vaccinerad<\/p>\n\n\n\n<pre class=\"wp-block-verse\"><\/pre>\n\n\n\n<p>Adoptionsavgift: 1800:-<\/p>\n\n\n\n<pre class=\"wp-block-verse\"><\/pre>\n\n\n\n<p>\u00c4r&nbsp;<strong>Noblesse<\/strong>&nbsp;katten f\u00f6r dig? Skicka in din intresseanm\u00e4lan till oss! \u2b07\ufe0f<\/p>\n","protected":false},"excerpt":{"rendered":"<p>Vackra Noblesse har flyttat till sitt f\u00f6r-alltid-hem. Jag heter Noblesse och fyllde nyligen 1 \u00e5r. N\u00e4r jag hittades p\u00e5 en gata i Landskrona var jag r\u00e4dd, underviktig samt full med tovor i p\u00e4lsen. Sedan jag fick komma till mitt jourhem har jag b\u00f6rjat k\u00e4nna mig trygg och s\u00e4ker och har nu b\u00f6rjat blomma ut och mitt sj\u00e4lvf\u00f6rtroende har vuxit. Jag tycker sj\u00e4lv att jag \u00e4r den vackraste katten som finns&hellip;<\/p>\n<p><a class=\"more-link\" href=\"https:\/\/www.djurskyddet.se\/landskrona\/senaste-nytt\/noblesse-2\/\" title=\"Continue reading &lsquo;Noblesse&rsquo;\">L&auml;s mer<span class=\"meta-nav\">&raquo;<\/span><\/a><\/p>\n","protected":false},"author":27,"featured_media":0,"comment_status":"closed","ping_status":"open","sticky":false,"template":"","format":"standard","meta":{"_acf_changed":false,"footnotes":""},"categories":[18],"tags":[],"class_list":["post-11062","post","type-post","status-publish","format-standard","hentry","category-senaste-nytt"],"acf":[],"_links":{"self":[{"href":"https:\/\/www.djurskyddet.se\/landskrona\/wp-json\/wp\/v2\/posts\/11062","targetHints":{"allow":["GET"]}}],"collection":[{"href":"https:\/\/www.djurskyddet.se\/landskrona\/wp-json\/wp\/v2\/posts"}],"about":[{"href":"https:\/\/www.djurskyddet.se\/landskrona\/wp-json\/wp\/v2\/types\/post"}],"author":[{"embeddable":true,"href":"https:\/\/www.djurskyddet.se\/landskrona\/wp-json\/wp\/v2\/users\/27"}],"replies":[{"embeddable":true,"href":"https:\/\/www.djurskyddet.se\/landskrona\/wp-json\/wp\/v2\/comments?post=11062"}],"version-history":[{"count":2,"href":"https:\/\/www.djurskyddet.se\/landskrona\/wp-json\/wp\/v2\/posts\/11062\/revisions"}],"predecessor-version":[{"id":11078,"href":"https:\/\/www.djurskyddet.se\/landskrona\/wp-json\/wp\/v2\/posts\/11062\/revisions\/11078"}],"wp:attachment":[{"href":"https:\/\/www.djurskyddet.se\/landskrona\/wp-json\/wp\/v2\/media?parent=11062"}],"wp:term":[{"taxonomy":"category","embeddable":true,"href":"https:\/\/www.djurskyddet.se\/landskrona\/wp-json\/wp\/v2\/categories?post=11062"},{"taxonomy":"post_tag","embeddable":true,"href":"https:\/\/www.djurskyddet.se\/landskrona\/wp-json\/wp\/v2\/tags?post=11062"}],"curies":[{"name":"wp","href":"https:\/\/api.w.org\/{rel}","templated":true}]}}