{"id":11183,"date":"2024-09-22T18:07:25","date_gmt":"2024-09-22T18:07:25","guid":{"rendered":"https:\/\/www.djurskyddet.se\/landskrona\/?p=11183"},"modified":"2024-10-05T18:13:46","modified_gmt":"2024-10-05T18:13:46","slug":"sten-2","status":"publish","type":"post","link":"https:\/\/www.djurskyddet.se\/landskrona\/senaste-nytt\/sten-2\/","title":{"rendered":"Sten"},"content":{"rendered":"\n<figure class=\"wp-block-image size-full\"><img loading=\"lazy\" decoding=\"async\" width=\"768\" height=\"1024\" src=\"https:\/\/www.djurskyddet.se\/landskrona\/wp-content\/uploads\/sites\/22\/2024\/04\/Sten.jpg\" alt=\"\" class=\"wp-image-10655\" srcset=\"https:\/\/www.djurskyddet.se\/landskrona\/wp-content\/uploads\/sites\/22\/2024\/04\/Sten.jpg 768w, https:\/\/www.djurskyddet.se\/landskrona\/wp-content\/uploads\/sites\/22\/2024\/04\/Sten-225x300.jpg 225w, https:\/\/www.djurskyddet.se\/landskrona\/wp-content\/uploads\/sites\/22\/2024\/04\/Sten-400x533.jpg 400w\" sizes=\"auto, (max-width: 768px) 100vw, 768px\" \/><\/figure>\n\n\n\n<p>St\u00e5tliga Sten har flyttat till sitt nya hem. <\/p>\n\n\n\n<p>Jag heter Sten och \u00e4r en tuxedo katt p\u00e5 snart 3 \u00e5r. Jag har under mina f\u00f6rsta levnads\u00e5r varit heml\u00f6s och d\u00e4rf\u00f6r var jag sj\u00e4lvklart v\u00e4ldigt skygg och skeptisk mot m\u00e4nniskor. Jag blev omh\u00e4ndertagen i november f\u00f6rra \u00e5ret, tillsammans med min syster Stina, och har sedan dess l\u00e4rt k\u00e4nna m\u00e4nniskor och insett att de inte \u00e4r s\u00e5 farliga som jag f\u00f6rst trodde. Jag \u00e4lskar att blir kliad under hakan och jag pratar dessutom v\u00e4ldigt mycket. Jourhemmet s\u00e4ger att jag \u00e4r en fundersam och filosofisk katt, men jag \u00e4r ocks\u00e5 den som \u00e4r mest busig. Jag vinner l\u00e4tt \u00f6ver min syster n\u00e4r det g\u00e4ller att vara f\u00f6rst fram och f\u00e5nga en leksak eller f\u00f6rst fram n\u00e4r det vankas mat. Jag rullar g\u00e4rna runt p\u00e5 rygg och visar magen. Sj\u00e4lv tycker jag att jag \u00e4r en st\u00e5tlig katt med stor potential.<\/p>\n\n\n\n<pre class=\"wp-block-verse\"><\/pre>\n\n\n\n<p>Jag sl\u00e4nger mig g\u00e4rna ner p\u00e5 golvet f\u00f6r att busa eller kela.  Jag \u00e4r snabb p\u00e5 att kasta mig \u00f6ver leksakerna och den prassliga tunneln gillar jag skarpt. Att leka med en fj\u00e4dervippa \u00e4r v\u00e4ldigt roligt. En prasslig tidning \u00e4r ocks\u00e5 v\u00e4ldigt roligt att busa med och krypa under. Min jaktinstinkt \u00e4r det inget fel p\u00e5 d\u00e5 jag och mina syskon sj\u00e4lva f\u00e5tt f\u00e5nga v\u00e5r mat de f\u00f6rsta levnads\u00e5ren. Jag gillar den kokta kycklingen som jourhemmets matte brukar sk\u00e4mma bort oss med och stryker mig g\u00e4rna mot jourhemsmattes ben f\u00f6r att visa min uppskattning.<\/p>\n\n\n\n<p>Jag vill g\u00e4rna ha en kattkompis i mitt nya hem. Jag vill g\u00e4rna ha tillg\u00e5ng till b\u00e5de inom- och utomhusvistelse.<\/p>\n\n\n\n<pre class=\"wp-block-verse\"><\/pre>\n\n\n\n<p><strong>Sten<\/strong> \u00e4r:<\/p>\n\n\n\n<p>? Kastrerad<\/p>\n\n\n\n<p>? Chipm\u00e4rkt<\/p>\n\n\n\n<p>? Vaccinerad<\/p>\n\n\n\n<p>? Vill g\u00e4rna ha en kattkompis i mitt nya hem<\/p>\n\n\n\n<pre class=\"wp-block-verse\"><\/pre>\n\n\n\n<p>Adoptionsavgift: 1800:-<\/p>\n\n\n\n<pre class=\"wp-block-verse\"><\/pre>\n\n\n\n<p>\u00c4r&nbsp;<strong>Sten<\/strong>&nbsp;katten f\u00f6r dig? Skicka in din intresseanm\u00e4lan till oss! \u2b07\ufe0f<\/p>\n","protected":false},"excerpt":{"rendered":"<p>St\u00e5tliga Sten har flyttat till sitt nya hem. Jag heter Sten och \u00e4r en tuxedo katt p\u00e5 snart 3 \u00e5r. Jag har under mina f\u00f6rsta levnads\u00e5r varit heml\u00f6s och d\u00e4rf\u00f6r var jag sj\u00e4lvklart v\u00e4ldigt skygg och skeptisk mot m\u00e4nniskor. Jag blev omh\u00e4ndertagen i november f\u00f6rra \u00e5ret, tillsammans med min syster Stina, och har sedan dess l\u00e4rt k\u00e4nna m\u00e4nniskor och insett att de inte \u00e4r s\u00e5 farliga som jag f\u00f6rst trodde.&hellip;<\/p>\n<p><a class=\"more-link\" href=\"https:\/\/www.djurskyddet.se\/landskrona\/senaste-nytt\/sten-2\/\" title=\"Continue reading &lsquo;Sten&rsquo;\">L&auml;s mer<span class=\"meta-nav\">&raquo;<\/span><\/a><\/p>\n","protected":false},"author":27,"featured_media":0,"comment_status":"closed","ping_status":"open","sticky":false,"template":"","format":"standard","meta":{"_acf_changed":false,"footnotes":""},"categories":[18],"tags":[],"class_list":["post-11183","post","type-post","status-publish","format-standard","hentry","category-senaste-nytt"],"acf":[],"_links":{"self":[{"href":"https:\/\/www.djurskyddet.se\/landskrona\/wp-json\/wp\/v2\/posts\/11183","targetHints":{"allow":["GET"]}}],"collection":[{"href":"https:\/\/www.djurskyddet.se\/landskrona\/wp-json\/wp\/v2\/posts"}],"about":[{"href":"https:\/\/www.djurskyddet.se\/landskrona\/wp-json\/wp\/v2\/types\/post"}],"author":[{"embeddable":true,"href":"https:\/\/www.djurskyddet.se\/landskrona\/wp-json\/wp\/v2\/users\/27"}],"replies":[{"embeddable":true,"href":"https:\/\/www.djurskyddet.se\/landskrona\/wp-json\/wp\/v2\/comments?post=11183"}],"version-history":[{"count":1,"href":"https:\/\/www.djurskyddet.se\/landskrona\/wp-json\/wp\/v2\/posts\/11183\/revisions"}],"predecessor-version":[{"id":11184,"href":"https:\/\/www.djurskyddet.se\/landskrona\/wp-json\/wp\/v2\/posts\/11183\/revisions\/11184"}],"wp:attachment":[{"href":"https:\/\/www.djurskyddet.se\/landskrona\/wp-json\/wp\/v2\/media?parent=11183"}],"wp:term":[{"taxonomy":"category","embeddable":true,"href":"https:\/\/www.djurskyddet.se\/landskrona\/wp-json\/wp\/v2\/categories?post=11183"},{"taxonomy":"post_tag","embeddable":true,"href":"https:\/\/www.djurskyddet.se\/landskrona\/wp-json\/wp\/v2\/tags?post=11183"}],"curies":[{"name":"wp","href":"https:\/\/api.w.org\/{rel}","templated":true}]}}