{"id":11478,"date":"2024-12-25T18:05:06","date_gmt":"2024-12-25T18:05:06","guid":{"rendered":"https:\/\/www.djurskyddet.se\/landskrona\/?p=11478"},"modified":"2025-01-04T18:20:21","modified_gmt":"2025-01-04T18:20:21","slug":"daim-2","status":"publish","type":"post","link":"https:\/\/www.djurskyddet.se\/landskrona\/senaste-nytt\/daim-2\/","title":{"rendered":"Daim"},"content":{"rendered":"\n<figure class=\"wp-block-image size-full\"><img loading=\"lazy\" decoding=\"async\" width=\"480\" height=\"506\" src=\"https:\/\/www.djurskyddet.se\/landskrona\/wp-content\/uploads\/sites\/22\/2024\/11\/Daim-1.jpg\" alt=\"\" class=\"wp-image-11297\" srcset=\"https:\/\/www.djurskyddet.se\/landskrona\/wp-content\/uploads\/sites\/22\/2024\/11\/Daim-1.jpg 480w, https:\/\/www.djurskyddet.se\/landskrona\/wp-content\/uploads\/sites\/22\/2024\/11\/Daim-1-285x300.jpg 285w, https:\/\/www.djurskyddet.se\/landskrona\/wp-content\/uploads\/sites\/22\/2024\/11\/Daim-1-400x422.jpg 400w\" sizes=\"auto, (max-width: 480px) 100vw, 480px\" \/><\/figure>\n\n\n\n<p>Idag var det Daims tur att flytta till sin nya familj! Lycka till! <\/p>\n\n\n\n<p>Jag har varit den lugnaste men \u00e4r just nu inne i en period d\u00e5 jag ska in \u00f6verallt. Jag \u00e4r inte en soffpotatis utan en s\u00e4ngpotatis. \u00c4lskar verkligen att ligga i s\u00e4ngen. Det \u00e4r s\u00e5 mysigt med de fluffiga kuddarna och det h\u00e4rliga t\u00e4cket. N\u00e4r jag lekt klart p\u00e5 morgonen g\u00e5r jag in och l\u00e4gger mig i den mysiga s\u00e4ngen. Jag \u00e4r v\u00e4ldigt nyfiken p\u00e5 balkongen s\u00e5 en inn\u00e4tad balkong d\u00e4r jag kan spana \u00e4r n\u00e5got jag \u00f6nskar mig. Det kommer nog att bli problem med min lurviga p\u00e4ls om jag f\u00e5r g\u00e5 ut. N\u00e5gon med mycket mystid och har du inte redan en kompis i l\u00e4mplig \u00e5lder s\u00e5 vill jag flytta med minst ett av mina syskon.<\/p>\n\n\n\n<p>ATT T\u00c4NKA P\u00c5! Dessa kattungar kommer fr\u00e5n en stor kull och beh\u00f6ver d\u00e4rf\u00f6r en ung katt som s\u00e4llskap eller att man adopterar 2 syskon. P\u00e4lsv\u00e5rd kommer att kr\u00e4vas livet ut regelbundet. Katten g\u00e5r p\u00e5 PeeWee (kattstr\u00f6). <\/p>\n\n\n\n<p>OBS!&nbsp;Kattungar yngre \u00e4n 6 m\u00e5nader adopteras inte ut ensamma utan antingen tillsammans med syskon, kompis eller mamma. Eller om det redan finns en ung kattkompis i hemmet.<\/p>\n\n\n\n<p><strong>Daim<\/strong> \u00e4r:<\/p>\n\n\n\n<p>\ud83d\udc9a Chipm\u00e4rkt<\/p>\n\n\n\n<p>\ud83d\udc9a Vaccinerad<\/p>\n\n\n\n<pre class=\"wp-block-preformatted\"><\/pre>\n\n\n\n<p>Adoptionsavgift: 2000:-<\/p>\n\n\n\n<p>\u00c4r <strong>Daim <\/strong>katten f\u00f6r dig? Skicka in din intresseanm\u00e4lan till oss! \u2b07\ufe0f<\/p>\n\n\n\n<p><\/p>\n","protected":false},"excerpt":{"rendered":"<p>Idag var det Daims tur att flytta till sin nya familj! Lycka till! Jag har varit den lugnaste men \u00e4r just nu inne i en period d\u00e5 jag ska in \u00f6verallt. Jag \u00e4r inte en soffpotatis utan en s\u00e4ngpotatis. \u00c4lskar verkligen att ligga i s\u00e4ngen. Det \u00e4r s\u00e5 mysigt med de fluffiga kuddarna och det h\u00e4rliga t\u00e4cket. N\u00e4r jag lekt klart p\u00e5 morgonen g\u00e5r jag in och l\u00e4gger mig i&hellip;<\/p>\n<p><a class=\"more-link\" href=\"https:\/\/www.djurskyddet.se\/landskrona\/senaste-nytt\/daim-2\/\" title=\"Continue reading &lsquo;Daim&rsquo;\">L&auml;s mer<span class=\"meta-nav\">&raquo;<\/span><\/a><\/p>\n","protected":false},"author":27,"featured_media":0,"comment_status":"closed","ping_status":"open","sticky":false,"template":"","format":"standard","meta":{"_acf_changed":false,"footnotes":""},"categories":[18],"tags":[],"class_list":["post-11478","post","type-post","status-publish","format-standard","hentry","category-senaste-nytt"],"acf":[],"_links":{"self":[{"href":"https:\/\/www.djurskyddet.se\/landskrona\/wp-json\/wp\/v2\/posts\/11478","targetHints":{"allow":["GET"]}}],"collection":[{"href":"https:\/\/www.djurskyddet.se\/landskrona\/wp-json\/wp\/v2\/posts"}],"about":[{"href":"https:\/\/www.djurskyddet.se\/landskrona\/wp-json\/wp\/v2\/types\/post"}],"author":[{"embeddable":true,"href":"https:\/\/www.djurskyddet.se\/landskrona\/wp-json\/wp\/v2\/users\/27"}],"replies":[{"embeddable":true,"href":"https:\/\/www.djurskyddet.se\/landskrona\/wp-json\/wp\/v2\/comments?post=11478"}],"version-history":[{"count":1,"href":"https:\/\/www.djurskyddet.se\/landskrona\/wp-json\/wp\/v2\/posts\/11478\/revisions"}],"predecessor-version":[{"id":11479,"href":"https:\/\/www.djurskyddet.se\/landskrona\/wp-json\/wp\/v2\/posts\/11478\/revisions\/11479"}],"wp:attachment":[{"href":"https:\/\/www.djurskyddet.se\/landskrona\/wp-json\/wp\/v2\/media?parent=11478"}],"wp:term":[{"taxonomy":"category","embeddable":true,"href":"https:\/\/www.djurskyddet.se\/landskrona\/wp-json\/wp\/v2\/categories?post=11478"},{"taxonomy":"post_tag","embeddable":true,"href":"https:\/\/www.djurskyddet.se\/landskrona\/wp-json\/wp\/v2\/tags?post=11478"}],"curies":[{"name":"wp","href":"https:\/\/api.w.org\/{rel}","templated":true}]}}