{"id":11480,"date":"2025-01-01T18:10:06","date_gmt":"2025-01-01T18:10:06","guid":{"rendered":"https:\/\/www.djurskyddet.se\/landskrona\/?p=11480"},"modified":"2025-01-04T18:33:50","modified_gmt":"2025-01-04T18:33:50","slug":"mossi-3","status":"publish","type":"post","link":"https:\/\/www.djurskyddet.se\/landskrona\/senaste-nytt\/mossi-3\/","title":{"rendered":"Mossi"},"content":{"rendered":"\n<figure class=\"wp-block-image size-full\"><img loading=\"lazy\" decoding=\"async\" width=\"1006\" height=\"1024\" src=\"https:\/\/www.djurskyddet.se\/landskrona\/wp-content\/uploads\/sites\/22\/2024\/12\/Mossi2.jpg\" alt=\"\" class=\"wp-image-11465\" srcset=\"https:\/\/www.djurskyddet.se\/landskrona\/wp-content\/uploads\/sites\/22\/2024\/12\/Mossi2.jpg 1006w, https:\/\/www.djurskyddet.se\/landskrona\/wp-content\/uploads\/sites\/22\/2024\/12\/Mossi2-295x300.jpg 295w, https:\/\/www.djurskyddet.se\/landskrona\/wp-content\/uploads\/sites\/22\/2024\/12\/Mossi2-768x782.jpg 768w, https:\/\/www.djurskyddet.se\/landskrona\/wp-content\/uploads\/sites\/22\/2024\/12\/Mossi2-400x407.jpg 400w\" sizes=\"auto, (max-width: 1006px) 100vw, 1006px\" \/><\/figure>\n\n\n\n<p>Vilken bra start p\u00e5 \u00e5ret f\u00f6r Mossi som flyttade till sitt nya hem idag!<\/p>\n\n\n\n<p>Jag heter Mossi och \u00e4r en social 7-\u00e5rig katt. Jag blev omh\u00e4ndertagen n\u00e4r min husse blev tvungen och flytta till ett \u00e4ldreboende.<\/p>\n\n\n\n<p>Vill n\u00e5gon gosa med mig spinner jag h\u00f6gt och pratar lite p\u00e5 mitt speciella s\u00e4tt. Sover\/vilar g\u00e4rna intill min m\u00e4nniska som tycker det \u00e4r j\u00e4tteroligt att titta p\u00e5 mig n\u00e4r jag l\u00e4gger huvud och framtassar utanf\u00f6r s\u00e4ngkanten s\u00e5 de h\u00e4nger ner. Annars \u00e4r jag en lugn katt som ibland leker med mina leksaker. Innan var en delfin min favoritleksak men den har jag g\u00f6mt s\u00e5 ingen hittar den nu. Ser jag ett garnnystan blir jag ganska busig, det blir s\u00e5 mycket roligt trassel som min m\u00e4nniska f\u00e5r reda ut. Det f\u00e5r jag bara leka med n\u00e4r hon \u00e4r med, det kan bli farligt annars s\u00e4ger hon.<\/p>\n\n\n\n<p>Ibland jamar jag ordentligt. Eftersom jag b\u00f6rjat med det den senaste tiden vet matte inte riktigt vad jag vill, hon gissar att jag \u00e4r j\u00e4ttehungrig eller s\u00e4llskapssjuk. D\u00e5 blir det mycket kel och gos och vi trivs b\u00e5da tv\u00e5.<\/p>\n\n\n\n<p>St\u00f6rsta delen i mitt liv har jag levt inomhus och trivs med det, men \u00e4lskar att komma ut p\u00e5 promenad i sele och koppel. D\u00e5 g\u00e5r jag runt och nosar p\u00e5 allt och bara njuter av livet i gr\u00f6nskan. En g\u00e5ng k\u00f6rde min matte ner till havet d\u00e4r jag trampade runt i den mjuka sanden. Det var mysigt.<\/p>\n\n\n\n<p>Jag \u00e4r \u00e4lskad av min m\u00e4nniska som jag trivs med, men jag tycker inte om katten som ocks\u00e5 bor h\u00e4r sedan tidigare, d\u00e4rf\u00f6r vill jag flytta till ett hem d\u00e4r jag \u00e4r ensam katt. Min m\u00e4nniska s\u00e4ger att hon kommer att sakna mig men f\u00f6rst\u00e5r mig. F\u00e5r jag skryta lite s\u00e4ger hon att om man tr\u00e4ffat och gosat med mig en g\u00e5ng r\u00e4cker det f\u00f6r att man ska \u00e4lska mig f\u00f6r alltid.<\/p>\n\n\n\n<p><strong>Mossi<\/strong> \u00e4r:<\/p>\n\n\n\n<p>\ud83d\udc9a Kastrerad<\/p>\n\n\n\n<p>\ud83d\udc9a Chipm\u00e4rkt<\/p>\n\n\n\n<p>\ud83d\udc9a Vaccinerad<\/p>\n\n\n\n<p>\ud83d\udc9aVill vara ensamkatt<\/p>\n\n\n\n<p>Adoptionsavgift: 2000:-<\/p>\n\n\n\n<p>\u00c4r <strong>Mossi <\/strong>katten f\u00f6r dig? Skicka in din intresseanm\u00e4lan till oss! \u2b07\ufe0f<\/p>\n","protected":false},"excerpt":{"rendered":"<p>Vilken bra start p\u00e5 \u00e5ret f\u00f6r Mossi som flyttade till sitt nya hem idag! Jag heter Mossi och \u00e4r en social 7-\u00e5rig katt. Jag blev omh\u00e4ndertagen n\u00e4r min husse blev tvungen och flytta till ett \u00e4ldreboende. Vill n\u00e5gon gosa med mig spinner jag h\u00f6gt och pratar lite p\u00e5 mitt speciella s\u00e4tt. Sover\/vilar g\u00e4rna intill min m\u00e4nniska som tycker det \u00e4r j\u00e4tteroligt att titta p\u00e5 mig n\u00e4r jag l\u00e4gger huvud och&hellip;<\/p>\n<p><a class=\"more-link\" href=\"https:\/\/www.djurskyddet.se\/landskrona\/senaste-nytt\/mossi-3\/\" title=\"Continue reading &lsquo;Mossi&rsquo;\">L&auml;s mer<span class=\"meta-nav\">&raquo;<\/span><\/a><\/p>\n","protected":false},"author":27,"featured_media":0,"comment_status":"closed","ping_status":"open","sticky":false,"template":"","format":"standard","meta":{"_acf_changed":false,"footnotes":""},"categories":[18],"tags":[],"class_list":["post-11480","post","type-post","status-publish","format-standard","hentry","category-senaste-nytt"],"acf":[],"_links":{"self":[{"href":"https:\/\/www.djurskyddet.se\/landskrona\/wp-json\/wp\/v2\/posts\/11480","targetHints":{"allow":["GET"]}}],"collection":[{"href":"https:\/\/www.djurskyddet.se\/landskrona\/wp-json\/wp\/v2\/posts"}],"about":[{"href":"https:\/\/www.djurskyddet.se\/landskrona\/wp-json\/wp\/v2\/types\/post"}],"author":[{"embeddable":true,"href":"https:\/\/www.djurskyddet.se\/landskrona\/wp-json\/wp\/v2\/users\/27"}],"replies":[{"embeddable":true,"href":"https:\/\/www.djurskyddet.se\/landskrona\/wp-json\/wp\/v2\/comments?post=11480"}],"version-history":[{"count":1,"href":"https:\/\/www.djurskyddet.se\/landskrona\/wp-json\/wp\/v2\/posts\/11480\/revisions"}],"predecessor-version":[{"id":11481,"href":"https:\/\/www.djurskyddet.se\/landskrona\/wp-json\/wp\/v2\/posts\/11480\/revisions\/11481"}],"wp:attachment":[{"href":"https:\/\/www.djurskyddet.se\/landskrona\/wp-json\/wp\/v2\/media?parent=11480"}],"wp:term":[{"taxonomy":"category","embeddable":true,"href":"https:\/\/www.djurskyddet.se\/landskrona\/wp-json\/wp\/v2\/categories?post=11480"},{"taxonomy":"post_tag","embeddable":true,"href":"https:\/\/www.djurskyddet.se\/landskrona\/wp-json\/wp\/v2\/tags?post=11480"}],"curies":[{"name":"wp","href":"https:\/\/api.w.org\/{rel}","templated":true}]}}