{"id":11524,"date":"2025-01-11T17:26:37","date_gmt":"2025-01-11T17:26:37","guid":{"rendered":"https:\/\/www.djurskyddet.se\/landskrona\/?p=11524"},"modified":"2025-01-16T17:30:27","modified_gmt":"2025-01-16T17:30:27","slug":"ferdinand-2","status":"publish","type":"post","link":"https:\/\/www.djurskyddet.se\/landskrona\/senaste-nytt\/ferdinand-2\/","title":{"rendered":"Ferdinand"},"content":{"rendered":"\n<figure class=\"wp-block-image size-full\"><img loading=\"lazy\" decoding=\"async\" width=\"960\" height=\"1024\" src=\"https:\/\/www.djurskyddet.se\/landskrona\/wp-content\/uploads\/sites\/22\/2024\/10\/Ferdinand1.jpg\" alt=\"\" class=\"wp-image-11189\" srcset=\"https:\/\/www.djurskyddet.se\/landskrona\/wp-content\/uploads\/sites\/22\/2024\/10\/Ferdinand1.jpg 960w, https:\/\/www.djurskyddet.se\/landskrona\/wp-content\/uploads\/sites\/22\/2024\/10\/Ferdinand1-281x300.jpg 281w, https:\/\/www.djurskyddet.se\/landskrona\/wp-content\/uploads\/sites\/22\/2024\/10\/Ferdinand1-768x819.jpg 768w, https:\/\/www.djurskyddet.se\/landskrona\/wp-content\/uploads\/sites\/22\/2024\/10\/Ferdinand1-400x427.jpg 400w\" sizes=\"auto, (max-width: 960px) 100vw, 960px\" \/><\/figure>\n\n\n\n<p>Stiliga Ferdinand har idag flyttat till sin nya familj!<\/p>\n\n\n\n<p>Jag heter Ferdinand och \u00e4r en stilig herre p\u00e5 runt 8 \u00e5r. Trots min \u00e5lder \u00e4r jag aktiv och tycker mycket om att leka och busa lite varje dag. S\u00f6ker ofta kontakt och \u00e4r mycket, mycket kelig. Kommer g\u00e4rna fram och buffar lite f\u00f6r att bli klappad och spinner d\u00e5 som en liten motor. Nyfiken och f\u00f6ljer med fr\u00e5n rum till rum f\u00f6r att kolla vad min m\u00e4nniska g\u00f6r. Gillar att mysa i s\u00e4ngen eller soffan. Kommer g\u00e4rna in och trampar runt lite och gosar in mig n\u00e4r min m\u00e4nniska sover, men om jag blir utk\u00f6rd och d\u00f6rren st\u00e4ngs s\u00e5 tar jag det med ro. Jag \u00e4r en duktig kisse och l\u00e4r mig fort. Redan efter ett par dagar hade jag l\u00e4rt mig var jag f\u00e5r och inte f\u00e5r lov att vara (som t.ex. p\u00e5 diskb\u00e4nken och i kylen). \u00c4lskar mat och kattgodis. Vill man f\u00e5 mig att g\u00f6ra n\u00e5got s\u00e5 \u00e4r kokt skinka ett s\u00e4kert kort. Tycker om att bli f\u00f6rsiktigt kammad, men har bara t\u00e5lamod till detta i ett par minuter \u00e5t g\u00e5ngen. Anl\u00e4nde till mitt jourhem en kv\u00e4ll i september 2024 och var ute och utforskade och kelade redan dagen efter. Jag gruffar lite n\u00e4r jag vill ha uppm\u00e4rksamhet, men jamar v\u00e4ldigt s\u00e4llan. N\u00e4r jag har \u00e4tit vill jag g\u00e4rna leka, jaga bollar och kan ibland bli lite v\u00e4l busig om jag inte f\u00e5r uppm\u00e4rksamhet n\u00e4r jag \u00e4r p\u00e5 lekhum\u00f6r. Bollar med bj\u00e4llror i \u00e4r min favorit, och om ingen leker med mig s\u00e5 roar jag mig g\u00e4rna sj\u00e4lv med dessa. No-no: Gillar inte dammsugaren, d\u00e5 g\u00f6mmer jag mig och beh\u00f6ver sedan lockas fram. \u00c4r lite skygg n\u00e4r det kommer fr\u00e4mlingar, men tinar upp direkt om jag f\u00e5r kattgodis. Gillar ocks\u00e5 att titta p\u00e5 film med lejon, g\u00e4rna dokument\u00e4r.<\/p>\n\n\n\n<p>Min jourhemsmatte tycker att jag \u00e4r supergullig och l\u00e4tt att ha att g\u00f6ra med. Hon vet inte s\u00e5 mycket om mitt tidigare liv, mer \u00e4n att jag har levt vilt under en period. Jag har, enligt veterin\u00e4ren, haft ett ganska h\u00e5rt liv, men jag blir S\u00c5 glad \u00f6ver att f\u00e5 bo i ett varmt hem, med regelbundna mattider och mycket kel och uppm\u00e4rksamhet. Andra katter g\u00e5r bra, men jag s\u00f6ker ett hem utan sm\u00e5 barn. <\/p>\n\n\n\n<p>Jourhemsmattes till\u00e4gg: Den som adopterar Ferdinand f\u00e5r en s\u00e4llskaplig och kelig v\u00e4n f\u00f6r livet. Han \u00e4r en h\u00e4rlig blandning av mys, nyfikenhet och energi. Hobbys: Sova, \u00e4ta, leka, sitta i f\u00f6nster och observera, kela, sova lite till, busa, h\u00e4nga med p\u00e5 allt som g\u00f6rs i hemmet. <\/p>\n\n\n\n<p><strong>Ferdinand<\/strong> \u00e4r:<\/p>\n\n\n\n<p>\ud83d\udc9a Kastrerad<\/p>\n\n\n\n<p>\ud83d\udc9a Chipm\u00e4rkt<\/p>\n\n\n\n<p>\ud83d\udc9a Vaccinerad<\/p>\n\n\n\n<pre class=\"wp-block-preformatted\"><\/pre>\n\n\n\n<p>Adoptionsavgift: 2000:-<\/p>\n\n\n\n<p>\u00c4r <strong>Ferdinand<\/strong>&nbsp;katten f\u00f6r dig? Skicka in din intresseanm\u00e4lan till oss! \u2b07\ufe0f<\/p>\n\n\n\n<p><\/p>\n","protected":false},"excerpt":{"rendered":"<p>Stiliga Ferdinand har idag flyttat till sin nya familj! Jag heter Ferdinand och \u00e4r en stilig herre p\u00e5 runt 8 \u00e5r. Trots min \u00e5lder \u00e4r jag aktiv och tycker mycket om att leka och busa lite varje dag. S\u00f6ker ofta kontakt och \u00e4r mycket, mycket kelig. Kommer g\u00e4rna fram och buffar lite f\u00f6r att bli klappad och spinner d\u00e5 som en liten motor. Nyfiken och f\u00f6ljer med fr\u00e5n rum till&hellip;<\/p>\n<p><a class=\"more-link\" href=\"https:\/\/www.djurskyddet.se\/landskrona\/senaste-nytt\/ferdinand-2\/\" title=\"Continue reading &lsquo;Ferdinand&rsquo;\">L&auml;s mer<span class=\"meta-nav\">&raquo;<\/span><\/a><\/p>\n","protected":false},"author":27,"featured_media":0,"comment_status":"closed","ping_status":"open","sticky":false,"template":"","format":"standard","meta":{"_acf_changed":false,"footnotes":""},"categories":[18],"tags":[],"class_list":["post-11524","post","type-post","status-publish","format-standard","hentry","category-senaste-nytt"],"acf":[],"_links":{"self":[{"href":"https:\/\/www.djurskyddet.se\/landskrona\/wp-json\/wp\/v2\/posts\/11524","targetHints":{"allow":["GET"]}}],"collection":[{"href":"https:\/\/www.djurskyddet.se\/landskrona\/wp-json\/wp\/v2\/posts"}],"about":[{"href":"https:\/\/www.djurskyddet.se\/landskrona\/wp-json\/wp\/v2\/types\/post"}],"author":[{"embeddable":true,"href":"https:\/\/www.djurskyddet.se\/landskrona\/wp-json\/wp\/v2\/users\/27"}],"replies":[{"embeddable":true,"href":"https:\/\/www.djurskyddet.se\/landskrona\/wp-json\/wp\/v2\/comments?post=11524"}],"version-history":[{"count":1,"href":"https:\/\/www.djurskyddet.se\/landskrona\/wp-json\/wp\/v2\/posts\/11524\/revisions"}],"predecessor-version":[{"id":11525,"href":"https:\/\/www.djurskyddet.se\/landskrona\/wp-json\/wp\/v2\/posts\/11524\/revisions\/11525"}],"wp:attachment":[{"href":"https:\/\/www.djurskyddet.se\/landskrona\/wp-json\/wp\/v2\/media?parent=11524"}],"wp:term":[{"taxonomy":"category","embeddable":true,"href":"https:\/\/www.djurskyddet.se\/landskrona\/wp-json\/wp\/v2\/categories?post=11524"},{"taxonomy":"post_tag","embeddable":true,"href":"https:\/\/www.djurskyddet.se\/landskrona\/wp-json\/wp\/v2\/tags?post=11524"}],"curies":[{"name":"wp","href":"https:\/\/api.w.org\/{rel}","templated":true}]}}