{"id":11577,"date":"2025-01-25T18:50:12","date_gmt":"2025-01-25T18:50:12","guid":{"rendered":"https:\/\/www.djurskyddet.se\/landskrona\/?p=11577"},"modified":"2025-01-31T18:58:53","modified_gmt":"2025-01-31T18:58:53","slug":"twix-2","status":"publish","type":"post","link":"https:\/\/www.djurskyddet.se\/landskrona\/senaste-nytt\/twix-2\/","title":{"rendered":"Twix"},"content":{"rendered":"\n<figure class=\"wp-block-image size-full\"><img loading=\"lazy\" decoding=\"async\" width=\"790\" height=\"1024\" src=\"https:\/\/www.djurskyddet.se\/landskrona\/wp-content\/uploads\/sites\/22\/2024\/11\/Twix.jpg\" alt=\"\" class=\"wp-image-11303\" srcset=\"https:\/\/www.djurskyddet.se\/landskrona\/wp-content\/uploads\/sites\/22\/2024\/11\/Twix.jpg 790w, https:\/\/www.djurskyddet.se\/landskrona\/wp-content\/uploads\/sites\/22\/2024\/11\/Twix-231x300.jpg 231w, https:\/\/www.djurskyddet.se\/landskrona\/wp-content\/uploads\/sites\/22\/2024\/11\/Twix-768x995.jpg 768w, https:\/\/www.djurskyddet.se\/landskrona\/wp-content\/uploads\/sites\/22\/2024\/11\/Twix-400x518.jpg 400w\" sizes=\"auto, (max-width: 790px) 100vw, 790px\" \/><\/figure>\n\n\n\n<p>Pratglada Twix har flyttat till sitt nya hem idag!<\/p>\n\n\n\n<p>Twix och Raider, vi kallades f\u00f6r tvillingarna n\u00e4r vi var sm\u00e5, n\u00e4stan helt om\u00f6jligt att se skillnad p\u00e5 oss. Vi \u00e4r fortfarande v\u00e4ldigt lika i v\u00e5rt s\u00e4tt att vara. \u00c4ventyraren, samtidigt en fegis. Jag tycker inte om att vara ensam, blir jag det kallar jag p\u00e5 en kompis eller p\u00e5 mamma (m\u00e4nniskan- mamma) s\u00e5 jag beh\u00f6ver adopteras med ett syskon. Pratar g\u00f6r jag mycket och spinner p\u00e5 ett speciellt s\u00e4tt, n\u00e4stan s\u00e5 att jag kurrar som en duva. Kl\u00e4ttrar upp l\u00e4ngs benen upp p\u00e5 ryggen f\u00f6r att sitta p\u00e5 din axel och se vad som h\u00e4nder. Jag \u00e4r en riktig j\u00e4gare, b\u00e4r g\u00e4rna iv\u00e4g maten och vaktar den morrande som en tiger. Ocks\u00e5 pratglad och gillar ligga i ditt kn\u00e4 eller kr\u00e4ver att f\u00e5 ligga i ditt kn\u00e4 och i s\u00e4ngen vid din kudde.<\/p>\n\n\n\n<p>ATT T\u00c4NKA P\u00c5! Dessa kattungar kommer fr\u00e5n en stor kull och beh\u00f6ver d\u00e4rf\u00f6r en ung katt som s\u00e4llskap eller att man adopterar 2 syskon. P\u00e4lsv\u00e5rd kommer att kr\u00e4vas livet ut regelbundet. Katten g\u00e5r p\u00e5 PeeWee (kattstr\u00f6). <\/p>\n\n\n\n<p>OBS!&nbsp;Kattungar yngre \u00e4n 6 m\u00e5nader adopteras inte ut ensamma utan antingen tillsammans med syskon, kompis eller mamma. Eller om det redan finns en ung kattkompis i hemmet.<\/p>\n\n\n\n<p><strong>Twix<\/strong> \u00e4r:<\/p>\n\n\n\n<p>\ud83d\udc9a Chipm\u00e4rkt<\/p>\n\n\n\n<p>\ud83d\udc9a Vaccinerad<\/p>\n\n\n\n<pre class=\"wp-block-preformatted\"><\/pre>\n\n\n\n<p>Adoptionsavgift: 2000:-<\/p>\n\n\n\n<p>\u00c4r <strong>Twix <\/strong>katten f\u00f6r dig? Skicka in din intresseanm\u00e4lan till oss! \u2b07\ufe0f<\/p>\n","protected":false},"excerpt":{"rendered":"<p>Pratglada Twix har flyttat till sitt nya hem idag! Twix och Raider, vi kallades f\u00f6r tvillingarna n\u00e4r vi var sm\u00e5, n\u00e4stan helt om\u00f6jligt att se skillnad p\u00e5 oss. Vi \u00e4r fortfarande v\u00e4ldigt lika i v\u00e5rt s\u00e4tt att vara. \u00c4ventyraren, samtidigt en fegis. Jag tycker inte om att vara ensam, blir jag det kallar jag p\u00e5 en kompis eller p\u00e5 mamma (m\u00e4nniskan- mamma) s\u00e5 jag beh\u00f6ver adopteras med ett syskon. Pratar&hellip;<\/p>\n<p><a class=\"more-link\" href=\"https:\/\/www.djurskyddet.se\/landskrona\/senaste-nytt\/twix-2\/\" title=\"Continue reading &lsquo;Twix&rsquo;\">L&auml;s mer<span class=\"meta-nav\">&raquo;<\/span><\/a><\/p>\n","protected":false},"author":27,"featured_media":0,"comment_status":"closed","ping_status":"open","sticky":false,"template":"","format":"standard","meta":{"_acf_changed":false,"footnotes":""},"categories":[18],"tags":[],"class_list":["post-11577","post","type-post","status-publish","format-standard","hentry","category-senaste-nytt"],"acf":[],"_links":{"self":[{"href":"https:\/\/www.djurskyddet.se\/landskrona\/wp-json\/wp\/v2\/posts\/11577","targetHints":{"allow":["GET"]}}],"collection":[{"href":"https:\/\/www.djurskyddet.se\/landskrona\/wp-json\/wp\/v2\/posts"}],"about":[{"href":"https:\/\/www.djurskyddet.se\/landskrona\/wp-json\/wp\/v2\/types\/post"}],"author":[{"embeddable":true,"href":"https:\/\/www.djurskyddet.se\/landskrona\/wp-json\/wp\/v2\/users\/27"}],"replies":[{"embeddable":true,"href":"https:\/\/www.djurskyddet.se\/landskrona\/wp-json\/wp\/v2\/comments?post=11577"}],"version-history":[{"count":1,"href":"https:\/\/www.djurskyddet.se\/landskrona\/wp-json\/wp\/v2\/posts\/11577\/revisions"}],"predecessor-version":[{"id":11578,"href":"https:\/\/www.djurskyddet.se\/landskrona\/wp-json\/wp\/v2\/posts\/11577\/revisions\/11578"}],"wp:attachment":[{"href":"https:\/\/www.djurskyddet.se\/landskrona\/wp-json\/wp\/v2\/media?parent=11577"}],"wp:term":[{"taxonomy":"category","embeddable":true,"href":"https:\/\/www.djurskyddet.se\/landskrona\/wp-json\/wp\/v2\/categories?post=11577"},{"taxonomy":"post_tag","embeddable":true,"href":"https:\/\/www.djurskyddet.se\/landskrona\/wp-json\/wp\/v2\/tags?post=11577"}],"curies":[{"name":"wp","href":"https:\/\/api.w.org\/{rel}","templated":true}]}}