{"id":11588,"date":"2025-01-25T18:20:54","date_gmt":"2025-01-25T18:20:54","guid":{"rendered":"https:\/\/www.djurskyddet.se\/landskrona\/?p=11588"},"modified":"2025-02-05T18:26:54","modified_gmt":"2025-02-05T18:26:54","slug":"tuttifrutti-2","status":"publish","type":"post","link":"https:\/\/www.djurskyddet.se\/landskrona\/senaste-nytt\/tuttifrutti-2\/","title":{"rendered":"Tuttifrutti"},"content":{"rendered":"\n<figure class=\"wp-block-image size-full\"><img loading=\"lazy\" decoding=\"async\" width=\"925\" height=\"594\" src=\"https:\/\/www.djurskyddet.se\/landskrona\/wp-content\/uploads\/sites\/22\/2024\/11\/Tuttifrutti2-e1732559606623.jpg\" alt=\"\" class=\"wp-image-11309\" srcset=\"https:\/\/www.djurskyddet.se\/landskrona\/wp-content\/uploads\/sites\/22\/2024\/11\/Tuttifrutti2-e1732559606623.jpg 925w, https:\/\/www.djurskyddet.se\/landskrona\/wp-content\/uploads\/sites\/22\/2024\/11\/Tuttifrutti2-e1732559606623-300x193.jpg 300w, https:\/\/www.djurskyddet.se\/landskrona\/wp-content\/uploads\/sites\/22\/2024\/11\/Tuttifrutti2-e1732559606623-768x493.jpg 768w, https:\/\/www.djurskyddet.se\/landskrona\/wp-content\/uploads\/sites\/22\/2024\/11\/Tuttifrutti2-e1732559606623-400x257.jpg 400w\" sizes=\"auto, (max-width: 925px) 100vw, 925px\" \/><\/figure>\n\n\n\n<p>Mot nya \u00e4ventyr! Idag flyttade Tuttifrutti till sin nya familj i Sm\u00e5land!<\/p>\n\n\n\n<p>Hem med mycket aktivitet s\u00f6kes. Jag \u00e4r en mycket aktiv katt. Vill ha minst en kompis helst tv\u00e5. Mamma s\u00e4ger jag har alla de bokst\u00e4verna man har n\u00e4r man inte kan sitta stilla. Jag kom till jourhemmet som en skygg och f\u00f6rsiktig kattunge. Sakta har jag b\u00f6rjat lita p\u00e5 m\u00e4nniskorna. F\u00f6rst tittade jag f\u00f6rsiktigt \u00f6ver s\u00e4ngkanten upp i s\u00e4ngen n\u00e4r jag trodde m\u00e4nniskan sov, sen v\u00e5gade jag hoppa upp och ligga vid f\u00f6tterna, men sen en kv\u00e4ll kr\u00f6p jag f\u00f6rsiktigt fram\u00e5t och d\u00e5 klappade m\u00e4nniskan mig. Ni kan inte f\u00f6rst\u00e5 s\u00e5 sk\u00f6nt det var och sen var jag fast. Att ligga d\u00e4r n\u00e4ra (jag g\u00f6r mig s\u00e5 l\u00e5ng som m\u00f6jligt) och f\u00e5 all den k\u00e4rleken \u00e4r n\u00e5got jag aldrig upplevt tidigare. T\u00e4nk att livet kan vara s\u00e5 bra. Jag kom samtidigt till jourhemmet som &#8221;chokladbarnen&#8221;, de var s\u00e5 sm\u00e5 att jag inte fick leka med dem. Jag har v\u00e4ntat och v\u00e4ntat och nu f\u00e5r vi leka. Jag \u00e4lskar det. Alltid n\u00e5gon kompis som \u00e4r vaken. Jag \u00e4r lite os\u00e4ker mot fr\u00e4mmande fortfarande s\u00e5 vi f\u00e5r bara l\u00e4ra k\u00e4nna varandra s\u00e5 kommer det att bli bra.<\/p>\n\n\n\n<p><strong>Tuttifrutti<\/strong> \u00e4r:<\/p>\n\n\n\n<p>\ud83d\udc9aKastrerad<\/p>\n\n\n\n<p>\ud83d\udc9aChipm\u00e4rkt<\/p>\n\n\n\n<p>\ud83d\udc9aVaccinerad<\/p>\n\n\n\n<pre class=\"wp-block-preformatted\"><\/pre>\n\n\n\n<p>Adoptionsavgift: 2000:-<\/p>\n\n\n\n<p>\u00c4r <strong>Tuttifrutti<\/strong> katten f\u00f6r dig? Skicka in din intresseanm\u00e4lan till oss! \u2b07\ufe0f<\/p>\n","protected":false},"excerpt":{"rendered":"<p>Mot nya \u00e4ventyr! Idag flyttade Tuttifrutti till sin nya familj i Sm\u00e5land! Hem med mycket aktivitet s\u00f6kes. Jag \u00e4r en mycket aktiv katt. Vill ha minst en kompis helst tv\u00e5. Mamma s\u00e4ger jag har alla de bokst\u00e4verna man har n\u00e4r man inte kan sitta stilla. Jag kom till jourhemmet som en skygg och f\u00f6rsiktig kattunge. Sakta har jag b\u00f6rjat lita p\u00e5 m\u00e4nniskorna. F\u00f6rst tittade jag f\u00f6rsiktigt \u00f6ver s\u00e4ngkanten upp i&hellip;<\/p>\n<p><a class=\"more-link\" href=\"https:\/\/www.djurskyddet.se\/landskrona\/senaste-nytt\/tuttifrutti-2\/\" title=\"Continue reading &lsquo;Tuttifrutti&rsquo;\">L&auml;s mer<span class=\"meta-nav\">&raquo;<\/span><\/a><\/p>\n","protected":false},"author":27,"featured_media":0,"comment_status":"closed","ping_status":"open","sticky":false,"template":"","format":"standard","meta":{"_acf_changed":false,"footnotes":""},"categories":[18],"tags":[],"class_list":["post-11588","post","type-post","status-publish","format-standard","hentry","category-senaste-nytt"],"acf":[],"_links":{"self":[{"href":"https:\/\/www.djurskyddet.se\/landskrona\/wp-json\/wp\/v2\/posts\/11588","targetHints":{"allow":["GET"]}}],"collection":[{"href":"https:\/\/www.djurskyddet.se\/landskrona\/wp-json\/wp\/v2\/posts"}],"about":[{"href":"https:\/\/www.djurskyddet.se\/landskrona\/wp-json\/wp\/v2\/types\/post"}],"author":[{"embeddable":true,"href":"https:\/\/www.djurskyddet.se\/landskrona\/wp-json\/wp\/v2\/users\/27"}],"replies":[{"embeddable":true,"href":"https:\/\/www.djurskyddet.se\/landskrona\/wp-json\/wp\/v2\/comments?post=11588"}],"version-history":[{"count":1,"href":"https:\/\/www.djurskyddet.se\/landskrona\/wp-json\/wp\/v2\/posts\/11588\/revisions"}],"predecessor-version":[{"id":11589,"href":"https:\/\/www.djurskyddet.se\/landskrona\/wp-json\/wp\/v2\/posts\/11588\/revisions\/11589"}],"wp:attachment":[{"href":"https:\/\/www.djurskyddet.se\/landskrona\/wp-json\/wp\/v2\/media?parent=11588"}],"wp:term":[{"taxonomy":"category","embeddable":true,"href":"https:\/\/www.djurskyddet.se\/landskrona\/wp-json\/wp\/v2\/categories?post=11588"},{"taxonomy":"post_tag","embeddable":true,"href":"https:\/\/www.djurskyddet.se\/landskrona\/wp-json\/wp\/v2\/tags?post=11588"}],"curies":[{"name":"wp","href":"https:\/\/api.w.org\/{rel}","templated":true}]}}