{"id":11826,"date":"2025-05-08T19:53:03","date_gmt":"2025-05-08T19:53:03","guid":{"rendered":"https:\/\/www.djurskyddet.se\/landskrona\/?p=11826"},"modified":"2025-05-10T19:58:21","modified_gmt":"2025-05-10T19:58:21","slug":"iris-2","status":"publish","type":"post","link":"https:\/\/www.djurskyddet.se\/landskrona\/senaste-nytt\/iris-2\/","title":{"rendered":"Iris"},"content":{"rendered":"\n<figure class=\"wp-block-image size-full\"><img loading=\"lazy\" decoding=\"async\" width=\"480\" height=\"640\" src=\"https:\/\/www.djurskyddet.se\/landskrona\/wp-content\/uploads\/sites\/22\/2025\/04\/489012556_1851447528933881_4985485447023666114_n.jpg\" alt=\"\" class=\"wp-image-11787\" srcset=\"https:\/\/www.djurskyddet.se\/landskrona\/wp-content\/uploads\/sites\/22\/2025\/04\/489012556_1851447528933881_4985485447023666114_n.jpg 480w, https:\/\/www.djurskyddet.se\/landskrona\/wp-content\/uploads\/sites\/22\/2025\/04\/489012556_1851447528933881_4985485447023666114_n-225x300.jpg 225w, https:\/\/www.djurskyddet.se\/landskrona\/wp-content\/uploads\/sites\/22\/2025\/04\/489012556_1851447528933881_4985485447023666114_n-400x533.jpg 400w\" sizes=\"auto, (max-width: 480px) 100vw, 480px\" \/><\/figure>\n\n\n\n<p>Idag var det Iris tur att flytta till sin nya familj!<\/p>\n\n\n\n<p>Jag \u00e4r en nyfiken och trevlig dam p\u00e5 ca 2 \u00e5r. Ligger g\u00e4rna h\u00f6gt upp p\u00e5 kl\u00f6sst\u00e4llningen. Duktig p\u00e5 att anv\u00e4nda den till mina klor ocks\u00e5. Jag vill INTE bo med andra katter. De tar f\u00f6r mycket plats och jag vill inte dela husse och mattes k\u00e4rlek med n\u00e5gon.<\/p>\n\n\n\n<p><strong>Iris<\/strong> \u00e4r:<\/p>\n\n\n\n<p>\ud83d\udc9a Chipm\u00e4rkt<\/p>\n\n\n\n<p>\ud83d\udc9a Vaccinerad<\/p>\n\n\n\n<p> \ud83d\udc9a Kastrerad<\/p>\n\n\n\n<p>\ud83d\udc9a Vill vara ensamkatt<\/p>\n\n\n\n<p>Adoptionsavgift: 2000:-<\/p>\n\n\n\n<p>\u00c4r <strong>Iris<\/strong> katten f\u00f6r dig? Skicka in din intresseanm\u00e4lan till oss! \u2b07\ufe0f<\/p>\n","protected":false},"excerpt":{"rendered":"<p>Idag var det Iris tur att flytta till sin nya familj! Jag \u00e4r en nyfiken och trevlig dam p\u00e5 ca 2 \u00e5r. Ligger g\u00e4rna h\u00f6gt upp p\u00e5 kl\u00f6sst\u00e4llningen. Duktig p\u00e5 att anv\u00e4nda den till mina klor ocks\u00e5. Jag vill INTE bo med andra katter. De tar f\u00f6r mycket plats och jag vill inte dela husse och mattes k\u00e4rlek med n\u00e5gon. Iris \u00e4r: \ud83d\udc9a Chipm\u00e4rkt \ud83d\udc9a Vaccinerad \ud83d\udc9a Kastrerad \ud83d\udc9a Vill&hellip;<\/p>\n<p><a class=\"more-link\" href=\"https:\/\/www.djurskyddet.se\/landskrona\/senaste-nytt\/iris-2\/\" title=\"Continue reading &lsquo;Iris&rsquo;\">L&auml;s mer<span class=\"meta-nav\">&raquo;<\/span><\/a><\/p>\n","protected":false},"author":27,"featured_media":0,"comment_status":"closed","ping_status":"open","sticky":false,"template":"","format":"standard","meta":{"_acf_changed":false,"footnotes":""},"categories":[18],"tags":[],"class_list":["post-11826","post","type-post","status-publish","format-standard","hentry","category-senaste-nytt"],"acf":[],"_links":{"self":[{"href":"https:\/\/www.djurskyddet.se\/landskrona\/wp-json\/wp\/v2\/posts\/11826","targetHints":{"allow":["GET"]}}],"collection":[{"href":"https:\/\/www.djurskyddet.se\/landskrona\/wp-json\/wp\/v2\/posts"}],"about":[{"href":"https:\/\/www.djurskyddet.se\/landskrona\/wp-json\/wp\/v2\/types\/post"}],"author":[{"embeddable":true,"href":"https:\/\/www.djurskyddet.se\/landskrona\/wp-json\/wp\/v2\/users\/27"}],"replies":[{"embeddable":true,"href":"https:\/\/www.djurskyddet.se\/landskrona\/wp-json\/wp\/v2\/comments?post=11826"}],"version-history":[{"count":1,"href":"https:\/\/www.djurskyddet.se\/landskrona\/wp-json\/wp\/v2\/posts\/11826\/revisions"}],"predecessor-version":[{"id":11827,"href":"https:\/\/www.djurskyddet.se\/landskrona\/wp-json\/wp\/v2\/posts\/11826\/revisions\/11827"}],"wp:attachment":[{"href":"https:\/\/www.djurskyddet.se\/landskrona\/wp-json\/wp\/v2\/media?parent=11826"}],"wp:term":[{"taxonomy":"category","embeddable":true,"href":"https:\/\/www.djurskyddet.se\/landskrona\/wp-json\/wp\/v2\/categories?post=11826"},{"taxonomy":"post_tag","embeddable":true,"href":"https:\/\/www.djurskyddet.se\/landskrona\/wp-json\/wp\/v2\/tags?post=11826"}],"curies":[{"name":"wp","href":"https:\/\/api.w.org\/{rel}","templated":true}]}}