{"id":12015,"date":"2025-08-11T17:47:30","date_gmt":"2025-08-11T17:47:30","guid":{"rendered":"https:\/\/www.djurskyddet.se\/landskrona\/?p=12015"},"modified":"2025-08-22T18:04:01","modified_gmt":"2025-08-22T18:04:01","slug":"lovisa","status":"publish","type":"post","link":"https:\/\/www.djurskyddet.se\/landskrona\/senaste-nytt\/lovisa\/","title":{"rendered":"Lovisa"},"content":{"rendered":"\n<figure class=\"wp-block-image size-full\"><img loading=\"lazy\" decoding=\"async\" width=\"559\" height=\"644\" src=\"https:\/\/www.djurskyddet.se\/landskrona\/wp-content\/uploads\/sites\/22\/2025\/08\/Lovisa-e1755885054965.jpg\" alt=\"\" class=\"wp-image-12016\" srcset=\"https:\/\/www.djurskyddet.se\/landskrona\/wp-content\/uploads\/sites\/22\/2025\/08\/Lovisa-e1755885054965.jpg 559w, https:\/\/www.djurskyddet.se\/landskrona\/wp-content\/uploads\/sites\/22\/2025\/08\/Lovisa-e1755885054965-260x300.jpg 260w, https:\/\/www.djurskyddet.se\/landskrona\/wp-content\/uploads\/sites\/22\/2025\/08\/Lovisa-e1755885054965-400x461.jpg 400w\" sizes=\"auto, (max-width: 559px) 100vw, 559px\" \/><\/figure>\n\n\n\n<p>Idag flyttade Lovisa till sitt f\u00f6r-alltid-hem. <\/p>\n\n\n\n<p>Jag heter Lovisa och \u00e4r ca 2 \u00e5r gammal. Jag hade h\u00e5llit till p\u00e5 en g\u00e5rd utanf\u00f6r Sval\u00f6v tills jag kom in i ett jourhem via Djurskyddet Landskrona i juli m\u00e5nad. Jourhemmet hade andra katter och jag tyckte inte alls om dem utan fr\u00e4ste och f\u00e4ktade med tassarna n\u00e4r de kom f\u00f6r n\u00e4ra. Jag vill vara ensam katt i mitt f\u00f6r-alltid-hem. Jag har nu f\u00e5tt ett hem hos r\u00e4tt person f\u00f6r mig f\u00f6r hon vill bara ha mig och jag flyttar den 11\/8.<\/p>\n\n\n\n<p><\/p>\n","protected":false},"excerpt":{"rendered":"<p>Idag flyttade Lovisa till sitt f\u00f6r-alltid-hem. Jag heter Lovisa och \u00e4r ca 2 \u00e5r gammal. Jag hade h\u00e5llit till p\u00e5 en g\u00e5rd utanf\u00f6r Sval\u00f6v tills jag kom in i ett jourhem via Djurskyddet Landskrona i juli m\u00e5nad. Jourhemmet hade andra katter och jag tyckte inte alls om dem utan fr\u00e4ste och f\u00e4ktade med tassarna n\u00e4r de kom f\u00f6r n\u00e4ra. Jag vill vara ensam katt i mitt f\u00f6r-alltid-hem. Jag har nu&hellip;<\/p>\n<p><a class=\"more-link\" href=\"https:\/\/www.djurskyddet.se\/landskrona\/senaste-nytt\/lovisa\/\" title=\"Continue reading &lsquo;Lovisa&rsquo;\">L&auml;s mer<span class=\"meta-nav\">&raquo;<\/span><\/a><\/p>\n","protected":false},"author":27,"featured_media":0,"comment_status":"closed","ping_status":"open","sticky":false,"template":"","format":"standard","meta":{"_acf_changed":false,"footnotes":""},"categories":[18],"tags":[],"class_list":["post-12015","post","type-post","status-publish","format-standard","hentry","category-senaste-nytt"],"acf":[],"_links":{"self":[{"href":"https:\/\/www.djurskyddet.se\/landskrona\/wp-json\/wp\/v2\/posts\/12015","targetHints":{"allow":["GET"]}}],"collection":[{"href":"https:\/\/www.djurskyddet.se\/landskrona\/wp-json\/wp\/v2\/posts"}],"about":[{"href":"https:\/\/www.djurskyddet.se\/landskrona\/wp-json\/wp\/v2\/types\/post"}],"author":[{"embeddable":true,"href":"https:\/\/www.djurskyddet.se\/landskrona\/wp-json\/wp\/v2\/users\/27"}],"replies":[{"embeddable":true,"href":"https:\/\/www.djurskyddet.se\/landskrona\/wp-json\/wp\/v2\/comments?post=12015"}],"version-history":[{"count":2,"href":"https:\/\/www.djurskyddet.se\/landskrona\/wp-json\/wp\/v2\/posts\/12015\/revisions"}],"predecessor-version":[{"id":12019,"href":"https:\/\/www.djurskyddet.se\/landskrona\/wp-json\/wp\/v2\/posts\/12015\/revisions\/12019"}],"wp:attachment":[{"href":"https:\/\/www.djurskyddet.se\/landskrona\/wp-json\/wp\/v2\/media?parent=12015"}],"wp:term":[{"taxonomy":"category","embeddable":true,"href":"https:\/\/www.djurskyddet.se\/landskrona\/wp-json\/wp\/v2\/categories?post=12015"},{"taxonomy":"post_tag","embeddable":true,"href":"https:\/\/www.djurskyddet.se\/landskrona\/wp-json\/wp\/v2\/tags?post=12015"}],"curies":[{"name":"wp","href":"https:\/\/api.w.org\/{rel}","templated":true}]}}