{"id":12037,"date":"2025-08-24T17:16:25","date_gmt":"2025-08-24T17:16:25","guid":{"rendered":"https:\/\/www.djurskyddet.se\/landskrona\/?p=12037"},"modified":"2025-08-30T17:32:49","modified_gmt":"2025-08-30T17:32:49","slug":"toffix-2","status":"publish","type":"post","link":"https:\/\/www.djurskyddet.se\/landskrona\/senaste-nytt\/toffix-2\/","title":{"rendered":"Toffix"},"content":{"rendered":"\n<figure class=\"wp-block-image size-large\"><img loading=\"lazy\" decoding=\"async\" width=\"768\" height=\"1024\" src=\"https:\/\/www.djurskyddet.se\/landskrona\/wp-content\/uploads\/sites\/22\/2025\/06\/Toffix2-e1752502449655-768x1024.jpg\" alt=\"\" class=\"wp-image-11942\" srcset=\"https:\/\/www.djurskyddet.se\/landskrona\/wp-content\/uploads\/sites\/22\/2025\/06\/Toffix2-e1752502449655-768x1024.jpg 768w, https:\/\/www.djurskyddet.se\/landskrona\/wp-content\/uploads\/sites\/22\/2025\/06\/Toffix2-e1752502449655-225x300.jpg 225w, https:\/\/www.djurskyddet.se\/landskrona\/wp-content\/uploads\/sites\/22\/2025\/06\/Toffix2-e1752502449655-400x533.jpg 400w, https:\/\/www.djurskyddet.se\/landskrona\/wp-content\/uploads\/sites\/22\/2025\/06\/Toffix2-e1752502449655.jpg 930w\" sizes=\"auto, (max-width: 768px) 100vw, 768px\" \/><\/figure>\n\n\n\n<p>Tjejtjusaren Toffix har flyttat till sitt f\u00f6r-alltid-hem!<\/p>\n\n\n\n<p>Jag har blivit en busig kille. Fr\u00e5n b\u00f6rjan var jag v\u00e4ldigt r\u00e4dd f\u00f6r m\u00e4nniskor men f\u00f6rstod \u00e4nd\u00e5 ganska snabbt att de \u00e4r sn\u00e4lla. Det var bara lite l\u00e4skigt n\u00e4r de skulle r\u00f6ra mig. Nu f\u00e5r alla h\u00e4r hemma klappa mig och det \u00e4r faktiskt ganska sk\u00f6nt. Jag busar med killarna och vi springer fram och tillbaka som galna ibland. Jag leker ocks\u00e5 p\u00e5 egen hand. Min p\u00e4ls \u00e4r semil\u00e5ng och den h\u00e5ller jag p\u00e5 att byta ut. Den gamla var inte alls bra, full med tovor och l\u00f6ss. Den fina maten fr\u00e5n Hills som jag \u00e4ter har gjort att jag blivit en helt ny katt och snart gl\u00e4nser jag ikapp med solen. Det d\u00e4r med kam och borste \u00e4r n\u00e5got som vi f\u00e5r tr\u00e4na p\u00e5. Jag \u00e4r p\u00e5 n\u00e5got vis speciellt glad f\u00f6r flickor, kattflickor allts\u00e5. Om jag inte f\u00e5r kattkompis i mitt nya hem s\u00e5 f\u00e5r du vara beredd p\u00e5 att ge mig lite extra tid.<\/p>\n\n\n\n<p><strong>Toffix<\/strong> \u00e4r:<\/p>\n\n\n\n<p>\ud83d\udc9a Chipm\u00e4rkt<\/p>\n\n\n\n<p>\ud83d\udc9a Vaccinerad<\/p>\n\n\n\n<p> \ud83d\udc9a Kastrerad<\/p>\n\n\n\n<p>Adoptionsavgift: 2000:-<\/p>\n\n\n\n<p>\u00c4r <strong>Toffix<\/strong> katten f\u00f6r dig? Skicka in din intresseanm\u00e4lan till oss! \u2b07\ufe0f<\/p>\n","protected":false},"excerpt":{"rendered":"<p>Tjejtjusaren Toffix har flyttat till sitt f\u00f6r-alltid-hem! Jag har blivit en busig kille. Fr\u00e5n b\u00f6rjan var jag v\u00e4ldigt r\u00e4dd f\u00f6r m\u00e4nniskor men f\u00f6rstod \u00e4nd\u00e5 ganska snabbt att de \u00e4r sn\u00e4lla. Det var bara lite l\u00e4skigt n\u00e4r de skulle r\u00f6ra mig. Nu f\u00e5r alla h\u00e4r hemma klappa mig och det \u00e4r faktiskt ganska sk\u00f6nt. Jag busar med killarna och vi springer fram och tillbaka som galna ibland. Jag leker ocks\u00e5 p\u00e5&hellip;<\/p>\n<p><a class=\"more-link\" href=\"https:\/\/www.djurskyddet.se\/landskrona\/senaste-nytt\/toffix-2\/\" title=\"Continue reading &lsquo;Toffix&rsquo;\">L&auml;s mer<span class=\"meta-nav\">&raquo;<\/span><\/a><\/p>\n","protected":false},"author":27,"featured_media":0,"comment_status":"closed","ping_status":"open","sticky":false,"template":"","format":"standard","meta":{"_acf_changed":false,"footnotes":""},"categories":[18],"tags":[],"class_list":["post-12037","post","type-post","status-publish","format-standard","hentry","category-senaste-nytt"],"acf":[],"_links":{"self":[{"href":"https:\/\/www.djurskyddet.se\/landskrona\/wp-json\/wp\/v2\/posts\/12037","targetHints":{"allow":["GET"]}}],"collection":[{"href":"https:\/\/www.djurskyddet.se\/landskrona\/wp-json\/wp\/v2\/posts"}],"about":[{"href":"https:\/\/www.djurskyddet.se\/landskrona\/wp-json\/wp\/v2\/types\/post"}],"author":[{"embeddable":true,"href":"https:\/\/www.djurskyddet.se\/landskrona\/wp-json\/wp\/v2\/users\/27"}],"replies":[{"embeddable":true,"href":"https:\/\/www.djurskyddet.se\/landskrona\/wp-json\/wp\/v2\/comments?post=12037"}],"version-history":[{"count":2,"href":"https:\/\/www.djurskyddet.se\/landskrona\/wp-json\/wp\/v2\/posts\/12037\/revisions"}],"predecessor-version":[{"id":12049,"href":"https:\/\/www.djurskyddet.se\/landskrona\/wp-json\/wp\/v2\/posts\/12037\/revisions\/12049"}],"wp:attachment":[{"href":"https:\/\/www.djurskyddet.se\/landskrona\/wp-json\/wp\/v2\/media?parent=12037"}],"wp:term":[{"taxonomy":"category","embeddable":true,"href":"https:\/\/www.djurskyddet.se\/landskrona\/wp-json\/wp\/v2\/categories?post=12037"},{"taxonomy":"post_tag","embeddable":true,"href":"https:\/\/www.djurskyddet.se\/landskrona\/wp-json\/wp\/v2\/tags?post=12037"}],"curies":[{"name":"wp","href":"https:\/\/api.w.org\/{rel}","templated":true}]}}