{"id":12085,"date":"2025-09-08T16:55:13","date_gmt":"2025-09-08T16:55:13","guid":{"rendered":"https:\/\/www.djurskyddet.se\/landskrona\/?p=12085"},"modified":"2025-09-14T10:31:23","modified_gmt":"2025-09-14T10:31:23","slug":"micke-2","status":"publish","type":"post","link":"https:\/\/www.djurskyddet.se\/landskrona\/senaste-nytt\/micke-2\/","title":{"rendered":"Micke"},"content":{"rendered":"\n<figure class=\"wp-block-image size-full\"><img loading=\"lazy\" decoding=\"async\" width=\"992\" height=\"1024\" src=\"https:\/\/www.djurskyddet.se\/landskrona\/wp-content\/uploads\/sites\/22\/2025\/06\/Micke.jpg\" alt=\"\" class=\"wp-image-11878\" srcset=\"https:\/\/www.djurskyddet.se\/landskrona\/wp-content\/uploads\/sites\/22\/2025\/06\/Micke.jpg 992w, https:\/\/www.djurskyddet.se\/landskrona\/wp-content\/uploads\/sites\/22\/2025\/06\/Micke-291x300.jpg 291w, https:\/\/www.djurskyddet.se\/landskrona\/wp-content\/uploads\/sites\/22\/2025\/06\/Micke-768x793.jpg 768w, https:\/\/www.djurskyddet.se\/landskrona\/wp-content\/uploads\/sites\/22\/2025\/06\/Micke-400x413.jpg 400w\" sizes=\"auto, (max-width: 992px) 100vw, 992px\" \/><\/figure>\n\n\n\n<p>Idag flyttade Micke till sitt f\u00f6r-alltid-hem tillsammans med sin kompis Malte!<\/p>\n\n\n\n<p>Jag \u00e4r en lite f\u00f6rsiktig kille som beh\u00f6ver lite tid p\u00e5 mig f\u00f6r att k\u00e4nna sig trygg. Men n\u00e4r det \u00e4r mat p\u00e5 g\u00e5ng eller n\u00e4r Malte \u00e4r i n\u00e4rheten d\u00e5 gl\u00f6mmer jag mig, d\u00e5 f\u00e5r du klappa mig. Jag gillar att sova mitt p\u00e5 soffan, tycker liksom att det \u00e4r min egen tron. Jag gillar att leka och \u00e4lskar att rusa runt och busa- att g\u00f6ra ruscher genom l\u00e4genheten i full fart \u00e4r j\u00e4ttekul och passar bra n\u00e4r man har spring i benen. Jag leker g\u00e4rna b\u00e5de med Malte och jourhemsmattes \u00e4ldre katt, som jag triggar ig\u00e5ng till lek. Jourhemsmatte tycker att jag har v\u00e4rldens gulliga lilla jamande- som kommer fram n\u00e4r det \u00e4r matdags, favoritstunden p\u00e5 dagen.<\/p>\n\n\n\n<p><strong>Micke<\/strong> \u00e4r:<\/p>\n\n\n\n<p>\ud83d\udc9a Chipm\u00e4rkt<\/p>\n\n\n\n<p>\ud83d\udc9a Vaccinerad<\/p>\n\n\n\n<p> \ud83d\udc9a Kastrerad<\/p>\n\n\n\n<p>\ud83d\udc9a Fungerar bra med hund<\/p>\n\n\n\n<p>\ud83d\udc9a Flyttar g\u00e4rna med min kompis Malte, annars till ett hem d\u00e4r det redan finns en katt.<\/p>\n\n\n\n<p>Adoptionsavgift: 2000:-<\/p>\n\n\n\n<p>\u00c4r <strong>Micke<\/strong> katten f\u00f6r dig? Skicka in din intresseanm\u00e4lan till oss! \u2b07\ufe0f<\/p>\n","protected":false},"excerpt":{"rendered":"<p>Idag flyttade Micke till sitt f\u00f6r-alltid-hem tillsammans med sin kompis Malte! Jag \u00e4r en lite f\u00f6rsiktig kille som beh\u00f6ver lite tid p\u00e5 mig f\u00f6r att k\u00e4nna sig trygg. Men n\u00e4r det \u00e4r mat p\u00e5 g\u00e5ng eller n\u00e4r Malte \u00e4r i n\u00e4rheten d\u00e5 gl\u00f6mmer jag mig, d\u00e5 f\u00e5r du klappa mig. Jag gillar att sova mitt p\u00e5 soffan, tycker liksom att det \u00e4r min egen tron. Jag gillar att leka och&hellip;<\/p>\n<p><a class=\"more-link\" href=\"https:\/\/www.djurskyddet.se\/landskrona\/senaste-nytt\/micke-2\/\" title=\"Continue reading &lsquo;Micke&rsquo;\">L&auml;s mer<span class=\"meta-nav\">&raquo;<\/span><\/a><\/p>\n","protected":false},"author":27,"featured_media":0,"comment_status":"closed","ping_status":"open","sticky":false,"template":"","format":"standard","meta":{"_acf_changed":false,"footnotes":""},"categories":[18],"tags":[],"class_list":["post-12085","post","type-post","status-publish","format-standard","hentry","category-senaste-nytt"],"acf":[],"_links":{"self":[{"href":"https:\/\/www.djurskyddet.se\/landskrona\/wp-json\/wp\/v2\/posts\/12085","targetHints":{"allow":["GET"]}}],"collection":[{"href":"https:\/\/www.djurskyddet.se\/landskrona\/wp-json\/wp\/v2\/posts"}],"about":[{"href":"https:\/\/www.djurskyddet.se\/landskrona\/wp-json\/wp\/v2\/types\/post"}],"author":[{"embeddable":true,"href":"https:\/\/www.djurskyddet.se\/landskrona\/wp-json\/wp\/v2\/users\/27"}],"replies":[{"embeddable":true,"href":"https:\/\/www.djurskyddet.se\/landskrona\/wp-json\/wp\/v2\/comments?post=12085"}],"version-history":[{"count":2,"href":"https:\/\/www.djurskyddet.se\/landskrona\/wp-json\/wp\/v2\/posts\/12085\/revisions"}],"predecessor-version":[{"id":12095,"href":"https:\/\/www.djurskyddet.se\/landskrona\/wp-json\/wp\/v2\/posts\/12085\/revisions\/12095"}],"wp:attachment":[{"href":"https:\/\/www.djurskyddet.se\/landskrona\/wp-json\/wp\/v2\/media?parent=12085"}],"wp:term":[{"taxonomy":"category","embeddable":true,"href":"https:\/\/www.djurskyddet.se\/landskrona\/wp-json\/wp\/v2\/categories?post=12085"},{"taxonomy":"post_tag","embeddable":true,"href":"https:\/\/www.djurskyddet.se\/landskrona\/wp-json\/wp\/v2\/tags?post=12085"}],"curies":[{"name":"wp","href":"https:\/\/api.w.org\/{rel}","templated":true}]}}