{"id":12097,"date":"2025-09-13T10:55:09","date_gmt":"2025-09-13T10:55:09","guid":{"rendered":"https:\/\/www.djurskyddet.se\/landskrona\/?p=12097"},"modified":"2025-09-21T10:59:39","modified_gmt":"2025-09-21T10:59:39","slug":"stewie-2","status":"publish","type":"post","link":"https:\/\/www.djurskyddet.se\/landskrona\/senaste-nytt\/stewie-2\/","title":{"rendered":"Stewie"},"content":{"rendered":"\n<figure class=\"wp-block-image size-full\"><img loading=\"lazy\" decoding=\"async\" width=\"848\" height=\"600\" src=\"https:\/\/www.djurskyddet.se\/landskrona\/wp-content\/uploads\/sites\/22\/2025\/05\/Stewie2-e1752501170663.jpg\" alt=\"\" class=\"wp-image-11930\" srcset=\"https:\/\/www.djurskyddet.se\/landskrona\/wp-content\/uploads\/sites\/22\/2025\/05\/Stewie2-e1752501170663.jpg 848w, https:\/\/www.djurskyddet.se\/landskrona\/wp-content\/uploads\/sites\/22\/2025\/05\/Stewie2-e1752501170663-300x212.jpg 300w, https:\/\/www.djurskyddet.se\/landskrona\/wp-content\/uploads\/sites\/22\/2025\/05\/Stewie2-e1752501170663-768x543.jpg 768w, https:\/\/www.djurskyddet.se\/landskrona\/wp-content\/uploads\/sites\/22\/2025\/05\/Stewie2-e1752501170663-400x283.jpg 400w\" sizes=\"auto, (max-width: 848px) 100vw, 848px\" \/><\/figure>\n\n\n\n<p>Stiliga Stewie har flyttat till sitt nya hem!<\/p>\n\n\n\n<p>Mitt namn \u00e4r Stewie och och jag \u00e4r en stilig kille p\u00e5 ca 1,5 \u00e5r. Jag gillar att mysa och leka och att titta p\u00e5 f\u00e5glarna fr\u00e5n f\u00f6nstret. Jag k\u00e4nner att jag beh\u00f6ver frisk luft och att f\u00e5 r\u00f6ra p\u00e5 mig utomhus under s\u00e4kra former. Samtidigt som jag \u00e4r kelen gillar jag min egentid. Jag gillar m\u00e4nniskor och \u00e4r v\u00e4ldigt social. Jag skulle nog trivas i en familj med lite \u00e4ldre barn som ser till att jag f\u00e5r syssels\u00e4ttning och kel. En sn\u00e4ll hund \u00e4r nog ocks\u00e5 OK. Eftersom jag \u00e4r l\u00e5ngh\u00e5rig beh\u00f6ver jag ocks\u00e5 borstas regelbundet vilket inte \u00e4r n\u00e5got problem. Mina klor blir v\u00e4ldigt snabbt l\u00e5nga om jag inte f\u00e5r slita ner dem genom utevistelse och beh\u00f6ver d\u00e5 klippas regelbundet.<\/p>\n\n\n\n<p><strong>Stewie<\/strong> \u00e4r:<\/p>\n\n\n\n<p>\ud83d\udc9a Chipm\u00e4rkt<\/p>\n\n\n\n<p>\ud83d\udc9a Vaccinerad<\/p>\n\n\n\n<p> \ud83d\udc9a Kastrerad<\/p>\n\n\n\n<p>\ud83d\udc9a Vill vara ensamkatt<\/p>\n\n\n\n<p>\ud83d\udc9a Vill ha tillg\u00e5ng till utevistelse under trygga former<\/p>\n\n\n\n<p>Adoptionsavgift: 2000:-<\/p>\n\n\n\n<p>\u00c4r <strong>Stewie<\/strong> katten f\u00f6r dig? Skicka in din intresseanm\u00e4lan till oss! \u2b07\ufe0f<\/p>\n","protected":false},"excerpt":{"rendered":"<p>Stiliga Stewie har flyttat till sitt nya hem! Mitt namn \u00e4r Stewie och och jag \u00e4r en stilig kille p\u00e5 ca 1,5 \u00e5r. Jag gillar att mysa och leka och att titta p\u00e5 f\u00e5glarna fr\u00e5n f\u00f6nstret. Jag k\u00e4nner att jag beh\u00f6ver frisk luft och att f\u00e5 r\u00f6ra p\u00e5 mig utomhus under s\u00e4kra former. Samtidigt som jag \u00e4r kelen gillar jag min egentid. Jag gillar m\u00e4nniskor och \u00e4r v\u00e4ldigt social. Jag&hellip;<\/p>\n<p><a class=\"more-link\" href=\"https:\/\/www.djurskyddet.se\/landskrona\/senaste-nytt\/stewie-2\/\" title=\"Continue reading &lsquo;Stewie&rsquo;\">L&auml;s mer<span class=\"meta-nav\">&raquo;<\/span><\/a><\/p>\n","protected":false},"author":27,"featured_media":0,"comment_status":"closed","ping_status":"open","sticky":false,"template":"","format":"standard","meta":{"_acf_changed":false,"footnotes":""},"categories":[18],"tags":[],"class_list":["post-12097","post","type-post","status-publish","format-standard","hentry","category-senaste-nytt"],"acf":[],"_links":{"self":[{"href":"https:\/\/www.djurskyddet.se\/landskrona\/wp-json\/wp\/v2\/posts\/12097","targetHints":{"allow":["GET"]}}],"collection":[{"href":"https:\/\/www.djurskyddet.se\/landskrona\/wp-json\/wp\/v2\/posts"}],"about":[{"href":"https:\/\/www.djurskyddet.se\/landskrona\/wp-json\/wp\/v2\/types\/post"}],"author":[{"embeddable":true,"href":"https:\/\/www.djurskyddet.se\/landskrona\/wp-json\/wp\/v2\/users\/27"}],"replies":[{"embeddable":true,"href":"https:\/\/www.djurskyddet.se\/landskrona\/wp-json\/wp\/v2\/comments?post=12097"}],"version-history":[{"count":1,"href":"https:\/\/www.djurskyddet.se\/landskrona\/wp-json\/wp\/v2\/posts\/12097\/revisions"}],"predecessor-version":[{"id":12098,"href":"https:\/\/www.djurskyddet.se\/landskrona\/wp-json\/wp\/v2\/posts\/12097\/revisions\/12098"}],"wp:attachment":[{"href":"https:\/\/www.djurskyddet.se\/landskrona\/wp-json\/wp\/v2\/media?parent=12097"}],"wp:term":[{"taxonomy":"category","embeddable":true,"href":"https:\/\/www.djurskyddet.se\/landskrona\/wp-json\/wp\/v2\/categories?post=12097"},{"taxonomy":"post_tag","embeddable":true,"href":"https:\/\/www.djurskyddet.se\/landskrona\/wp-json\/wp\/v2\/tags?post=12097"}],"curies":[{"name":"wp","href":"https:\/\/api.w.org\/{rel}","templated":true}]}}