{"id":12135,"date":"2025-10-09T18:23:05","date_gmt":"2025-10-09T18:23:05","guid":{"rendered":"https:\/\/www.djurskyddet.se\/landskrona\/?p=12135"},"modified":"2025-10-15T18:42:18","modified_gmt":"2025-10-15T18:42:18","slug":"bengt-2","status":"publish","type":"post","link":"https:\/\/www.djurskyddet.se\/landskrona\/soker-hem\/bengt-2\/","title":{"rendered":"Bengt"},"content":{"rendered":"\n<p>Jag heter Bengt och \u00e4r en v\u00e4ldigt f\u00f6rsiktig liten herre, det tar ett tag f\u00f6r mig att l\u00e4ra k\u00e4nna nya m\u00e4nniskor. Jag k\u00e4nner mig trygg med jourhemsmatte och ligger g\u00e4rna bredvid henne i soffan eller i s\u00e4ngen. F\u00f6r bes\u00f6kare g\u00f6mmer jag mig dock fortfarande. N\u00e4r jag var hos veterin\u00e4ren uppt\u00e4ckte de att jag hade en tandsjukdom och de var tvungna att dra ut en hel del t\u00e4nder s\u00e5 nu har jag inte s\u00e5 m\u00e5nga t\u00e4nder kvar. Veterin\u00e4ren har sagt att jag kan leva hur bra som helst med de f\u00e5 t\u00e4nder jag har kvar och det kan jag. Jag \u00e4ter till och med torrfoder om bitarna \u00e4r lite mindre. Jag busar g\u00e4rna med min kattkompis i jourhemmet men kan ocks\u00e5 klara mig sj\u00e4lv.<\/p>\n\n\n\n<p><strong>Bengt<\/strong> \u00e4r:<\/p>\n\n\n\n<p>\ud83d\udc9a Chipm\u00e4rkt<\/p>\n\n\n\n<p>\ud83d\udc9a Vaccinerad<\/p>\n\n\n\n<p> \ud83d\udc9a Kastrerad<\/p>\n\n\n\n<p>Adoptionsavgift: 2000:-<\/p>\n\n\n\n<p>\u00c4r <strong>Bengt<\/strong> katten f\u00f6r dig? Skicka in din intresseanm\u00e4lan till oss! \u2b07\ufe0f<\/p>\n","protected":false},"excerpt":{"rendered":"<p>Jag heter Bengt och \u00e4r en v\u00e4ldigt f\u00f6rsiktig liten herre, det tar ett tag f\u00f6r mig att l\u00e4ra k\u00e4nna nya m\u00e4nniskor. Jag k\u00e4nner mig trygg med jourhemsmatte och ligger g\u00e4rna bredvid henne i soffan eller i s\u00e4ngen. F\u00f6r bes\u00f6kare g\u00f6mmer jag mig dock fortfarande. N\u00e4r jag var hos veterin\u00e4ren uppt\u00e4ckte de att jag hade en tandsjukdom och de var tvungna att dra ut en hel del t\u00e4nder s\u00e5 nu har&hellip;<\/p>\n<p><a class=\"more-link\" href=\"https:\/\/www.djurskyddet.se\/landskrona\/soker-hem\/bengt-2\/\" title=\"Continue reading &lsquo;Bengt&rsquo;\">L&auml;s mer<span class=\"meta-nav\">&raquo;<\/span><\/a><\/p>\n","protected":false},"author":27,"featured_media":12160,"comment_status":"closed","ping_status":"open","sticky":false,"template":"","format":"standard","meta":{"_acf_changed":false,"footnotes":""},"categories":[19],"tags":[],"class_list":["post-12135","post","type-post","status-publish","format-standard","has-post-thumbnail","hentry","category-soker-hem"],"acf":[],"_links":{"self":[{"href":"https:\/\/www.djurskyddet.se\/landskrona\/wp-json\/wp\/v2\/posts\/12135","targetHints":{"allow":["GET"]}}],"collection":[{"href":"https:\/\/www.djurskyddet.se\/landskrona\/wp-json\/wp\/v2\/posts"}],"about":[{"href":"https:\/\/www.djurskyddet.se\/landskrona\/wp-json\/wp\/v2\/types\/post"}],"author":[{"embeddable":true,"href":"https:\/\/www.djurskyddet.se\/landskrona\/wp-json\/wp\/v2\/users\/27"}],"replies":[{"embeddable":true,"href":"https:\/\/www.djurskyddet.se\/landskrona\/wp-json\/wp\/v2\/comments?post=12135"}],"version-history":[{"count":5,"href":"https:\/\/www.djurskyddet.se\/landskrona\/wp-json\/wp\/v2\/posts\/12135\/revisions"}],"predecessor-version":[{"id":12144,"href":"https:\/\/www.djurskyddet.se\/landskrona\/wp-json\/wp\/v2\/posts\/12135\/revisions\/12144"}],"wp:featuredmedia":[{"embeddable":true,"href":"https:\/\/www.djurskyddet.se\/landskrona\/wp-json\/wp\/v2\/media\/12160"}],"wp:attachment":[{"href":"https:\/\/www.djurskyddet.se\/landskrona\/wp-json\/wp\/v2\/media?parent=12135"}],"wp:term":[{"taxonomy":"category","embeddable":true,"href":"https:\/\/www.djurskyddet.se\/landskrona\/wp-json\/wp\/v2\/categories?post=12135"},{"taxonomy":"post_tag","embeddable":true,"href":"https:\/\/www.djurskyddet.se\/landskrona\/wp-json\/wp\/v2\/tags?post=12135"}],"curies":[{"name":"wp","href":"https:\/\/api.w.org\/{rel}","templated":true}]}}