{"id":12182,"date":"2025-10-12T19:21:35","date_gmt":"2025-10-12T19:21:35","guid":{"rendered":"https:\/\/www.djurskyddet.se\/landskrona\/?p=12182"},"modified":"2025-11-01T19:42:27","modified_gmt":"2025-11-01T19:42:27","slug":"mimi","status":"publish","type":"post","link":"https:\/\/www.djurskyddet.se\/landskrona\/senaste-nytt\/mimi\/","title":{"rendered":"Mimi"},"content":{"rendered":"<div class=\"wp-block-image\">\n<figure class=\"aligncenter size-full\"><img loading=\"lazy\" decoding=\"async\" width=\"330\" height=\"485\" src=\"https:\/\/www.djurskyddet.se\/landskrona\/wp-content\/uploads\/sites\/22\/2025\/10\/Mimi-e1762025646122.jpg\" alt=\"\" class=\"wp-image-12186\" srcset=\"https:\/\/www.djurskyddet.se\/landskrona\/wp-content\/uploads\/sites\/22\/2025\/10\/Mimi-e1762025646122.jpg 330w, https:\/\/www.djurskyddet.se\/landskrona\/wp-content\/uploads\/sites\/22\/2025\/10\/Mimi-e1762025646122-204x300.jpg 204w\" sizes=\"auto, (max-width: 330px) 100vw, 330px\" \/><\/figure><\/div>\n\n\n<p><\/p>\n\n\n\n<p>Jag \u00e4r en flicka p\u00e5 6 \u00e5r och kom till jourhemmet den 30\/7 . Jag \u00e4r supern\u00f6jd med alla kompisar jag f\u00e5tt och vi leker mycket, mest p\u00e5 natten f\u00f6r d\u00e5 har vi &#8221;hela havet stormar &#8221;.<\/p>\n\n\n\n<p>Jag har blivit rakad i och med att jag hade tjocka knutor i p\u00e4lsen s\u00e5 nu b\u00f6rjar jag om fr\u00e5n noll. Min jourmatte har blivit s\u00e5 f\u00e4st vid mig och det \u00e4r \u00f6msesidigt s\u00e5 jag \u00e4r glad att jag ska f\u00e5 stanna i jourhemmet. Jag \u00e4r kastrerad, chippad, registrerad och f\u00e5r min sista vaccination om 2 veckor.<\/p>\n\n\n\n<p><\/p>\n","protected":false},"excerpt":{"rendered":"<p>Jag \u00e4r en flicka p\u00e5 6 \u00e5r och kom till jourhemmet den 30\/7 . Jag \u00e4r supern\u00f6jd med alla kompisar jag f\u00e5tt och vi leker mycket, mest p\u00e5 natten f\u00f6r d\u00e5 har vi &#8221;hela havet stormar &#8221;. Jag har blivit rakad i och med att jag hade tjocka knutor i p\u00e4lsen s\u00e5 nu b\u00f6rjar jag om fr\u00e5n noll. Min jourmatte har blivit s\u00e5 f\u00e4st vid mig och det \u00e4r \u00f6msesidigt&hellip;<\/p>\n<p><a class=\"more-link\" href=\"https:\/\/www.djurskyddet.se\/landskrona\/senaste-nytt\/mimi\/\" title=\"Continue reading &lsquo;Mimi&rsquo;\">L&auml;s mer<span class=\"meta-nav\">&raquo;<\/span><\/a><\/p>\n","protected":false},"author":27,"featured_media":0,"comment_status":"closed","ping_status":"open","sticky":false,"template":"","format":"standard","meta":{"_acf_changed":false,"footnotes":""},"categories":[18],"tags":[],"class_list":["post-12182","post","type-post","status-publish","format-standard","hentry","category-senaste-nytt"],"acf":[],"_links":{"self":[{"href":"https:\/\/www.djurskyddet.se\/landskrona\/wp-json\/wp\/v2\/posts\/12182","targetHints":{"allow":["GET"]}}],"collection":[{"href":"https:\/\/www.djurskyddet.se\/landskrona\/wp-json\/wp\/v2\/posts"}],"about":[{"href":"https:\/\/www.djurskyddet.se\/landskrona\/wp-json\/wp\/v2\/types\/post"}],"author":[{"embeddable":true,"href":"https:\/\/www.djurskyddet.se\/landskrona\/wp-json\/wp\/v2\/users\/27"}],"replies":[{"embeddable":true,"href":"https:\/\/www.djurskyddet.se\/landskrona\/wp-json\/wp\/v2\/comments?post=12182"}],"version-history":[{"count":5,"href":"https:\/\/www.djurskyddet.se\/landskrona\/wp-json\/wp\/v2\/posts\/12182\/revisions"}],"predecessor-version":[{"id":12189,"href":"https:\/\/www.djurskyddet.se\/landskrona\/wp-json\/wp\/v2\/posts\/12182\/revisions\/12189"}],"wp:attachment":[{"href":"https:\/\/www.djurskyddet.se\/landskrona\/wp-json\/wp\/v2\/media?parent=12182"}],"wp:term":[{"taxonomy":"category","embeddable":true,"href":"https:\/\/www.djurskyddet.se\/landskrona\/wp-json\/wp\/v2\/categories?post=12182"},{"taxonomy":"post_tag","embeddable":true,"href":"https:\/\/www.djurskyddet.se\/landskrona\/wp-json\/wp\/v2\/tags?post=12182"}],"curies":[{"name":"wp","href":"https:\/\/api.w.org\/{rel}","templated":true}]}}