{"id":12199,"date":"2025-10-26T19:53:59","date_gmt":"2025-10-26T19:53:59","guid":{"rendered":"https:\/\/www.djurskyddet.se\/landskrona\/?p=12199"},"modified":"2025-11-01T19:59:33","modified_gmt":"2025-11-01T19:59:33","slug":"astrid-2","status":"publish","type":"post","link":"https:\/\/www.djurskyddet.se\/landskrona\/senaste-nytt\/astrid-2\/","title":{"rendered":"Astrid"},"content":{"rendered":"\n<figure class=\"wp-block-image size-full\"><img loading=\"lazy\" decoding=\"async\" width=\"438\" height=\"403\" src=\"https:\/\/www.djurskyddet.se\/landskrona\/wp-content\/uploads\/sites\/22\/2024\/08\/Astrid1.jpg\" alt=\"\" class=\"wp-image-11039\" srcset=\"https:\/\/www.djurskyddet.se\/landskrona\/wp-content\/uploads\/sites\/22\/2024\/08\/Astrid1.jpg 438w, https:\/\/www.djurskyddet.se\/landskrona\/wp-content\/uploads\/sites\/22\/2024\/08\/Astrid1-300x276.jpg 300w, https:\/\/www.djurskyddet.se\/landskrona\/wp-content\/uploads\/sites\/22\/2024\/08\/Astrid1-400x368.jpg 400w\" sizes=\"auto, (max-width: 438px) 100vw, 438px\" \/><\/figure>\n\n\n\n<p>Astrid f\u00e5r stanna i sitt jourhem! <\/p>\n\n\n\n<p>Mitt namn \u00e4r Astrid och jag \u00e4r snart 2 \u00e5r gammal. Jag kom till mitt jourhem i mars. De skulle beskriva mig som en sn\u00e4ll men f\u00f6rsiktig katt. Jag \u00e4r blyg i b\u00f6rjan och det tar ett tag f\u00f6r mig att bli van vid nya m\u00e4nniskor eller katter. Jag \u00e4r van vid att bli hanterad av m\u00e4nniskor. Trots att jag inte s\u00f6ker kontakt med m\u00e4nniskorna tycker jag det \u00e4r r\u00e4tt sk\u00f6nt n\u00e4r de klappar mig. D\u00e5 jag har l\u00e5ng p\u00e4ls beh\u00f6ver jag regelbunden borstning men \u00e4ven detta njuter jag av. Med tid kommer jag ge mycket k\u00e4rlek till det hem som tar emot mig.<\/p>\n\n\n\n<p><strong>Astrid<\/strong>&nbsp;\u00e4r:<\/p>\n\n\n\n<p>\ud83d\udc9a Kastrerad<\/p>\n\n\n\n<p>\ud83d\udc9a Chipm\u00e4rkt<\/p>\n\n\n\n<p>\ud83d\udc9a Vaccinerad<\/p>\n\n\n\n<pre class=\"wp-block-preformatted\"><\/pre>\n","protected":false},"excerpt":{"rendered":"<p>Astrid f\u00e5r stanna i sitt jourhem! Mitt namn \u00e4r Astrid och jag \u00e4r snart 2 \u00e5r gammal. Jag kom till mitt jourhem i mars. De skulle beskriva mig som en sn\u00e4ll men f\u00f6rsiktig katt. Jag \u00e4r blyg i b\u00f6rjan och det tar ett tag f\u00f6r mig att bli van vid nya m\u00e4nniskor eller katter. Jag \u00e4r van vid att bli hanterad av m\u00e4nniskor. Trots att jag inte s\u00f6ker kontakt med&hellip;<\/p>\n<p><a class=\"more-link\" href=\"https:\/\/www.djurskyddet.se\/landskrona\/senaste-nytt\/astrid-2\/\" title=\"Continue reading &lsquo;Astrid&rsquo;\">L&auml;s mer<span class=\"meta-nav\">&raquo;<\/span><\/a><\/p>\n","protected":false},"author":27,"featured_media":0,"comment_status":"closed","ping_status":"open","sticky":false,"template":"","format":"standard","meta":{"_acf_changed":false,"footnotes":""},"categories":[18],"tags":[],"class_list":["post-12199","post","type-post","status-publish","format-standard","hentry","category-senaste-nytt"],"acf":[],"_links":{"self":[{"href":"https:\/\/www.djurskyddet.se\/landskrona\/wp-json\/wp\/v2\/posts\/12199","targetHints":{"allow":["GET"]}}],"collection":[{"href":"https:\/\/www.djurskyddet.se\/landskrona\/wp-json\/wp\/v2\/posts"}],"about":[{"href":"https:\/\/www.djurskyddet.se\/landskrona\/wp-json\/wp\/v2\/types\/post"}],"author":[{"embeddable":true,"href":"https:\/\/www.djurskyddet.se\/landskrona\/wp-json\/wp\/v2\/users\/27"}],"replies":[{"embeddable":true,"href":"https:\/\/www.djurskyddet.se\/landskrona\/wp-json\/wp\/v2\/comments?post=12199"}],"version-history":[{"count":2,"href":"https:\/\/www.djurskyddet.se\/landskrona\/wp-json\/wp\/v2\/posts\/12199\/revisions"}],"predecessor-version":[{"id":12202,"href":"https:\/\/www.djurskyddet.se\/landskrona\/wp-json\/wp\/v2\/posts\/12199\/revisions\/12202"}],"wp:attachment":[{"href":"https:\/\/www.djurskyddet.se\/landskrona\/wp-json\/wp\/v2\/media?parent=12199"}],"wp:term":[{"taxonomy":"category","embeddable":true,"href":"https:\/\/www.djurskyddet.se\/landskrona\/wp-json\/wp\/v2\/categories?post=12199"},{"taxonomy":"post_tag","embeddable":true,"href":"https:\/\/www.djurskyddet.se\/landskrona\/wp-json\/wp\/v2\/tags?post=12199"}],"curies":[{"name":"wp","href":"https:\/\/api.w.org\/{rel}","templated":true}]}}