{"id":12206,"date":"2025-10-26T20:02:59","date_gmt":"2025-10-26T20:02:59","guid":{"rendered":"https:\/\/www.djurskyddet.se\/landskrona\/?p=12206"},"modified":"2025-11-01T20:08:00","modified_gmt":"2025-11-01T20:08:00","slug":"akil-2","status":"publish","type":"post","link":"https:\/\/www.djurskyddet.se\/landskrona\/senaste-nytt\/akil-2\/","title":{"rendered":"Akil"},"content":{"rendered":"\n<figure class=\"wp-block-image size-full\"><img loading=\"lazy\" decoding=\"async\" width=\"387\" height=\"312\" src=\"https:\/\/www.djurskyddet.se\/landskrona\/wp-content\/uploads\/sites\/22\/2024\/09\/Akil-e1739216794929.jpg\" alt=\"\" class=\"wp-image-11625\" srcset=\"https:\/\/www.djurskyddet.se\/landskrona\/wp-content\/uploads\/sites\/22\/2024\/09\/Akil-e1739216794929.jpg 387w, https:\/\/www.djurskyddet.se\/landskrona\/wp-content\/uploads\/sites\/22\/2024\/09\/Akil-e1739216794929-300x242.jpg 300w\" sizes=\"auto, (max-width: 387px) 100vw, 387px\" \/><\/figure>\n\n\n\n<p>Akil f\u00e5r stanna i sitt jourhem!<\/p>\n\n\n\n<p>Mitt namn \u00e4r Akil. Jag \u00e4r en sj\u00e4lvst\u00e4ndig katt men trots detta \u00e4r jag skeptisk till nya tv\u00e5benta. F\u00f6r att m\u00e5 bra beh\u00f6ver jag ha tillg\u00e5ng till utevistelse. Min jourhemshusse ber\u00e4ttar att jag \u00e4r en m\u00e4stare p\u00e5 jakt. Jag har med stolthet kommit hem med b\u00e5de r\u00e5ttor och sorkar. P\u00e5 natten ligger jag g\u00e4rna i din s\u00e4ng och l\u00e5ter som en liten maskin. Har du turen att bli min m\u00e4nniska f\u00e5r du b\u00e5de en v\u00e4n f\u00f6r livet och en excellent j\u00e4gare.<\/p>\n\n\n\n<p><strong>Akil<\/strong> \u00e4r:<\/p>\n\n\n\n<p>\ud83d\udc9a Kastrerad<\/p>\n\n\n\n<p>\ud83d\udc9a Chipm\u00e4rkt<\/p>\n\n\n\n<p>\ud83d\udc9a Vaccinerad<\/p>\n\n\n\n<pre class=\"wp-block-preformatted\"><\/pre>\n\n\n\n<p>Adoptionsavgift: 2000:-<\/p>\n\n\n\n<p>\u00c4r&nbsp;<strong>Akil<\/strong>&nbsp;katten f\u00f6r dig? Skicka in din intresseanm\u00e4lan till oss! \u2b07\ufe0f<\/p>\n","protected":false},"excerpt":{"rendered":"<p>Akil f\u00e5r stanna i sitt jourhem! Mitt namn \u00e4r Akil. Jag \u00e4r en sj\u00e4lvst\u00e4ndig katt men trots detta \u00e4r jag skeptisk till nya tv\u00e5benta. F\u00f6r att m\u00e5 bra beh\u00f6ver jag ha tillg\u00e5ng till utevistelse. Min jourhemshusse ber\u00e4ttar att jag \u00e4r en m\u00e4stare p\u00e5 jakt. Jag har med stolthet kommit hem med b\u00e5de r\u00e5ttor och sorkar. P\u00e5 natten ligger jag g\u00e4rna i din s\u00e4ng och l\u00e5ter som en liten maskin. Har&hellip;<\/p>\n<p><a class=\"more-link\" href=\"https:\/\/www.djurskyddet.se\/landskrona\/senaste-nytt\/akil-2\/\" title=\"Continue reading &lsquo;Akil&rsquo;\">L&auml;s mer<span class=\"meta-nav\">&raquo;<\/span><\/a><\/p>\n","protected":false},"author":27,"featured_media":0,"comment_status":"closed","ping_status":"open","sticky":false,"template":"","format":"standard","meta":{"_acf_changed":false,"footnotes":""},"categories":[18],"tags":[],"class_list":["post-12206","post","type-post","status-publish","format-standard","hentry","category-senaste-nytt"],"acf":[],"_links":{"self":[{"href":"https:\/\/www.djurskyddet.se\/landskrona\/wp-json\/wp\/v2\/posts\/12206","targetHints":{"allow":["GET"]}}],"collection":[{"href":"https:\/\/www.djurskyddet.se\/landskrona\/wp-json\/wp\/v2\/posts"}],"about":[{"href":"https:\/\/www.djurskyddet.se\/landskrona\/wp-json\/wp\/v2\/types\/post"}],"author":[{"embeddable":true,"href":"https:\/\/www.djurskyddet.se\/landskrona\/wp-json\/wp\/v2\/users\/27"}],"replies":[{"embeddable":true,"href":"https:\/\/www.djurskyddet.se\/landskrona\/wp-json\/wp\/v2\/comments?post=12206"}],"version-history":[{"count":1,"href":"https:\/\/www.djurskyddet.se\/landskrona\/wp-json\/wp\/v2\/posts\/12206\/revisions"}],"predecessor-version":[{"id":12207,"href":"https:\/\/www.djurskyddet.se\/landskrona\/wp-json\/wp\/v2\/posts\/12206\/revisions\/12207"}],"wp:attachment":[{"href":"https:\/\/www.djurskyddet.se\/landskrona\/wp-json\/wp\/v2\/media?parent=12206"}],"wp:term":[{"taxonomy":"category","embeddable":true,"href":"https:\/\/www.djurskyddet.se\/landskrona\/wp-json\/wp\/v2\/categories?post=12206"},{"taxonomy":"post_tag","embeddable":true,"href":"https:\/\/www.djurskyddet.se\/landskrona\/wp-json\/wp\/v2\/tags?post=12206"}],"curies":[{"name":"wp","href":"https:\/\/api.w.org\/{rel}","templated":true}]}}